{"id":3580,"date":"2011-07-08T14:11:27","date_gmt":"2011-07-08T13:11:27","guid":{"rendered":"http:\/\/www.cdu-kempen.de\/?p=3580"},"modified":"2011-07-08T14:11:27","modified_gmt":"2011-07-08T13:11:27","slug":"trauer-um-friedhelm-jager","status":"publish","type":"post","link":"https:\/\/cdu-kempen.de\/index.php\/trauer-um-friedhelm-jager\/","title":{"rendered":"Trauer um Friedhelm J\u00e4ger"},"content":{"rendered":"<p>Die CDU Fraktion trauert um ihr langj\u00e4hriges Mitglied Friedhelm J\u00e4ger. <\/p>\n<p>Friedhelm J\u00e4ger, der am Montag unerwartet wenige Tage vor Vollendung seines 75. Lebensjahres nach kurzer schwerer Krankheit gestorben ist, war 10 Jahre (1999 \u2013 2009) f\u00fcr die CDU im Rat der Stadt Kempen. Unerm\u00fcdlich und mit gro\u00dfer Konsequenz vertrat er insbesondere die Interessen der B\u00fcrgerinnen und B\u00fcrger aus dem Wohngebiet \u201eHagelkreuz\u201c, dessen Weiterentwicklung und Wohnumfeldverbesserung ihm eine Herzensangelegenheit war. Er geh\u00f6rte mehreren Fachaussch\u00fcssen des Rates an, wobei er seinen Schwerpunkt auf Bauangelegenheiten, Stadtplanung und Klimaschutz legte. Neben seinem Ratsmandat war er \u00fcber viele Jahre im Ortsausschuss \u201eHagelkreuz\u201c  der CDU Kempen \u00fcberaus aktiv. Dank seines gro\u00dfen ehrenamtlichen Engagements in Vereinen und Verb\u00e4nden waren ihm die Sorgen und Anliegen der \u201eHagelkreuzer\u201c bestens bekannt<\/p>\n","protected":false},"excerpt":{"rendered":"<p>Die CDU Fraktion trauert um ihr langj\u00e4hriges Mitglied Friedhelm J\u00e4ger. Friedhelm J\u00e4ger, der am Montag unerwartet wenige Tage vor Vollendung seines 75. Lebensjahres nach kurzer schwerer Krankheit gestorben ist, war 10 Jahre (1999 \u2013 2009) f\u00fcr die CDU im Rat der Stadt Kempen. Unerm\u00fcdlich und mit gro\u00dfer Konsequenz vertrat er insbesondere die Interessen der B\u00fcrgerinnen [&hellip;]<\/p>\n","protected":false},"author":5,"featured_media":0,"comment_status":"open","ping_status":"open","sticky":false,"template":"","format":"standard","meta":{"_et_pb_use_builder":"","_et_pb_old_content":"","_et_gb_content_width":"","footnotes":""},"categories":[5],"tags":[],"class_list":["post-3580","post","type-post","status-publish","format-standard","hentry","category-aktuelles"],"_links":{"self":[{"href":"https:\/\/cdu-kempen.de\/index.php\/wp-json\/wp\/v2\/posts\/3580"}],"collection":[{"href":"https:\/\/cdu-kempen.de\/index.php\/wp-json\/wp\/v2\/posts"}],"about":[{"href":"https:\/\/cdu-kempen.de\/index.php\/wp-json\/wp\/v2\/types\/post"}],"author":[{"embeddable":true,"href":"https:\/\/cdu-kempen.de\/index.php\/wp-json\/wp\/v2\/users\/5"}],"replies":[{"embeddable":true,"href":"https:\/\/cdu-kempen.de\/index.php\/wp-json\/wp\/v2\/comments?post=3580"}],"version-history":[{"count":0,"href":"https:\/\/cdu-kempen.de\/index.php\/wp-json\/wp\/v2\/posts\/3580\/revisions"}],"wp:attachment":[{"href":"https:\/\/cdu-kempen.de\/index.php\/wp-json\/wp\/v2\/media?parent=3580"}],"wp:term":[{"taxonomy":"category","embeddable":true,"href":"https:\/\/cdu-kempen.de\/index.php\/wp-json\/wp\/v2\/categories?post=3580"},{"taxonomy":"post_tag","embeddable":true,"href":"https:\/\/cdu-kempen.de\/index.php\/wp-json\/wp\/v2\/tags?post=3580"}],"curies":[{"name":"wp","href":"https:\/\/api.w.org\/{rel}","templated":true}]}}