{"id":3767,"date":"2011-11-04T19:02:00","date_gmt":"2011-11-04T18:02:00","guid":{"rendered":"http:\/\/www.cdu-kempen.de\/?p=3767"},"modified":"2011-11-04T19:02:00","modified_gmt":"2011-11-04T18:02:00","slug":"e-45000-fur-den-vfl-tonisberg","status":"publish","type":"post","link":"https:\/\/cdu-kempen.de\/index.php\/e-45000-fur-den-vfl-tonisberg\/","title":{"rendered":"\u20ac 450,00 f\u00fcr den VfL T\u00f6nisberg"},"content":{"rendered":"<p>Beim Kartoffelfest cd CDU in T\u00f6nisberg konnte dank der vielen unerm\u00fcdlichen flei\u00dfigen Helfer und Spender ein stattlicher Erl\u00f6s in H\u00f6he von \u20ac 450,00 erzielt werden.<\/p>\n<p>Mit gro\u00dfer Freude \u00fcberreichten\u00a0 die Stadtverordnete Rita Ulschmid und der Ortsausschussvorsitzende Karl R\u00f6gels den Scheck in diesem Jahr der VFL-Jugendabteilung. Jugendgesch\u00e4ftsf\u00fchrer Uwe Kreie und Karin Knipp, Trainerin und Leichtathletikobfrau waren begeistert. Dringend ben\u00f6tigt werden einige neue Schlagb\u00e4lle, eine Sprintkoordinationsleiter und ein Bandma\u00df von 50 Metern f\u00fcr das Training der\u00a0 Leichtathleten.<\/p>\n<p>An dieser Stelle auch einen ganz herzlichen Dank allen Besuchern des diesj\u00e4hrigen Kartoffelfests, ohne die dies unm\u00f6glich gewesen w\u00e4re. Danke! Und bis zum n\u00e4chsten Jahr &#8230;.<\/p>\n<p><a href=\"http:\/\/cdu-kempen.de\/wp-content\/uploads\/2011\/11\/IMG_6599a.jpg\"><img loading=\"lazy\" decoding=\"async\" class=\"alignnone size-full wp-image-3770\" title=\"IMG_6599a\" src=\"http:\/\/cdu-kempen.de\/wp-content\/uploads\/2011\/11\/IMG_6599a.jpg\" alt=\"\" width=\"216\" height=\"144\" srcset=\"https:\/\/cdu-kempen.de\/wp-content\/uploads\/2011\/11\/IMG_6599a.jpg 600w, https:\/\/cdu-kempen.de\/wp-content\/uploads\/2011\/11\/IMG_6599a-368x245.jpg 368w\" sizes=\"(max-width: 216px) 100vw, 216px\" \/><\/a>\u00a0<a href=\"http:\/\/cdu-kempen.de\/wp-content\/uploads\/2011\/11\/IMG_6591a.jpg\"><img loading=\"lazy\" decoding=\"async\" class=\"alignnone size-full wp-image-3769\" title=\"IMG_6591a\" src=\"http:\/\/cdu-kempen.de\/wp-content\/uploads\/2011\/11\/IMG_6591a.jpg\" alt=\"\" width=\"216\" height=\"144\" srcset=\"https:\/\/cdu-kempen.de\/wp-content\/uploads\/2011\/11\/IMG_6591a.jpg 600w, https:\/\/cdu-kempen.de\/wp-content\/uploads\/2011\/11\/IMG_6591a-368x245.jpg 368w\" sizes=\"(max-width: 216px) 100vw, 216px\" \/><\/a>\u00a0<a href=\"http:\/\/cdu-kempen.de\/wp-content\/uploads\/2011\/11\/IMG_6588a.jpg\"><img loading=\"lazy\" decoding=\"async\" class=\"alignnone size-full wp-image-3768\" title=\"IMG_6588a\" src=\"http:\/\/cdu-kempen.de\/wp-content\/uploads\/2011\/11\/IMG_6588a.jpg\" alt=\"\" width=\"216\" height=\"144\" srcset=\"https:\/\/cdu-kempen.de\/wp-content\/uploads\/2011\/11\/IMG_6588a.jpg 600w, https:\/\/cdu-kempen.de\/wp-content\/uploads\/2011\/11\/IMG_6588a-368x245.jpg 368w\" sizes=\"(max-width: 216px) 100vw, 216px\" \/><\/a><\/p>\n","protected":false},"excerpt":{"rendered":"<p>Beim Kartoffelfest cd CDU in T\u00f6nisberg konnte dank der vielen unerm\u00fcdlichen flei\u00dfigen Helfer und Spender ein stattlicher Erl\u00f6s in H\u00f6he von \u20ac 450,00 erzielt werden. Mit gro\u00dfer Freude \u00fcberreichten\u00a0 die Stadtverordnete Rita Ulschmid und der Ortsausschussvorsitzende Karl R\u00f6gels den Scheck in diesem Jahr der VFL-Jugendabteilung. Jugendgesch\u00e4ftsf\u00fchrer Uwe Kreie und Karin Knipp, Trainerin und Leichtathletikobfrau waren [&hellip;]<\/p>\n","protected":false},"author":5,"featured_media":0,"comment_status":"closed","ping_status":"closed","sticky":false,"template":"","format":"standard","meta":{"_et_pb_use_builder":"","_et_pb_old_content":"","_et_gb_content_width":"","footnotes":""},"categories":[5],"tags":[],"class_list":["post-3767","post","type-post","status-publish","format-standard","hentry","category-aktuelles"],"_links":{"self":[{"href":"https:\/\/cdu-kempen.de\/index.php\/wp-json\/wp\/v2\/posts\/3767"}],"collection":[{"href":"https:\/\/cdu-kempen.de\/index.php\/wp-json\/wp\/v2\/posts"}],"about":[{"href":"https:\/\/cdu-kempen.de\/index.php\/wp-json\/wp\/v2\/types\/post"}],"author":[{"embeddable":true,"href":"https:\/\/cdu-kempen.de\/index.php\/wp-json\/wp\/v2\/users\/5"}],"replies":[{"embeddable":true,"href":"https:\/\/cdu-kempen.de\/index.php\/wp-json\/wp\/v2\/comments?post=3767"}],"version-history":[{"count":0,"href":"https:\/\/cdu-kempen.de\/index.php\/wp-json\/wp\/v2\/posts\/3767\/revisions"}],"wp:attachment":[{"href":"https:\/\/cdu-kempen.de\/index.php\/wp-json\/wp\/v2\/media?parent=3767"}],"wp:term":[{"taxonomy":"category","embeddable":true,"href":"https:\/\/cdu-kempen.de\/index.php\/wp-json\/wp\/v2\/categories?post=3767"},{"taxonomy":"post_tag","embeddable":true,"href":"https:\/\/cdu-kempen.de\/index.php\/wp-json\/wp\/v2\/tags?post=3767"}],"curies":[{"name":"wp","href":"https:\/\/api.w.org\/{rel}","templated":true}]}}