{"id":3780,"date":"2011-11-17T08:44:01","date_gmt":"2011-11-17T07:44:01","guid":{"rendered":"http:\/\/www.cdu-kempen.de\/?p=3780"},"modified":"2011-11-17T08:44:01","modified_gmt":"2011-11-17T07:44:01","slug":"bericht-zum-bundesparteitag-in-leipzig","status":"publish","type":"post","link":"https:\/\/cdu-kempen.de\/index.php\/bericht-zum-bundesparteitag-in-leipzig\/","title":{"rendered":"Bericht zum 24. Bundesparteitag in Leipzig"},"content":{"rendered":"<p>Sehr geehrte Parteifreunde, liebe Mitglieder,<\/p>\n<p>wie auch schon auf unserer Mitgliederversammlung angek\u00fcndigt, hier nun mein pers\u00f6nlicher Bericht zu drei Tagen Leipzig.<\/p>\n<p>Sicherlich ist die Tagespresse sehr viel schneller in der Berichterstattung als ich es nun mit meiner eigenen Erstattung des Parteitages sein kann. Somit sind Sie \u00fcber Fakten und Ergebnisse bereits ausreichend und ausf\u00fchrlich informiert.<\/p>\n<p>Deshalb m\u00f6chte ich Ihnen gerne von der Stimmung der Basis vor Ort berichten, Sie \u00fcber das informieren, was eben nicht in der offiziellen Presse transportiert wird.<\/p>\n<p>Eines direkt vorweg: Es war kein Hurra-Parteitag. Es wurden keine lauten, tosenden Reden geschwungen. Es fanden keine Generalangriffe auf andere Parteien oder Politiker statt.<\/p>\n<p><strong><em>Und das war gut so. <\/em><\/strong><\/p>\n<p>Ab dem ersten Treffen der NRW Delegierten am Sonntagabend stand eines fest:<\/p>\n<p>Hier wird gerungen. Um Sachentscheidungen, um Themen, um L\u00f6sungen, welche von einer gro\u00dfen Mehrheit getragen werden k\u00f6nnen.. Um Aussagen, die letztendlich in ihrer G\u00fcltigkeit f\u00fcr die Basis unserer Partei Substanz haben, und den Weg in die kommenden Wochen und Monate stabil und sicher darstellt.<\/p>\n<p>Zum NRW-Delegierten-Treffen am Sonntagabend standen sich in einem der wichtigsten Punkte dieses Bundesparteitages Karl-Josef Laumann, CDA, und der Mittelstandsfl\u00fcgel der CDU mit Helmut Schauerte als starke K\u00e4mpfer im Zeichen einer ausgewogenen L\u00f6sung zum Mindestlohn erneut gegen\u00fcber. Bereits zuvor in der Sitzung der Delegierten des Bundesvorstandes hatten sie hart zu diesem Thema debattiert. \u00a0<\/p>\n<p>Die Argumente beider Seiten waren nachvollziehbar und einleuchtend. An allen Tischen des NRW-Treffens wurde leidenschaftlich mitdiskutiert, ein erstes Anzeichen auf diesen sich so schlie\u00dflich auch in seiner G\u00e4nze darstellenden Bundesparteitag.<\/p>\n<p>Die Aussprache wurde anschlie\u00dfend im kleinen Kreis fortgef\u00fchrt und m\u00fcndete am Montagmorgen in der Ausf\u00fchrung zur Positionierung zum Mindestlohn, wie Sie ihn schlie\u00dflich in der Presse wiederfinden konnten.<\/p>\n<p>Mit dem Tagesordnungspunkt 8 am Montag erfolgte dann der Bericht der Vorsitzenden Dr. Angela Merkel. Frau Merkel setze ihre Schwerpunkte auf die Themen Euro, Europa, Werte der CDU, Schul- und Berufsausbildung und das damit verbundene Gesellschaftsmodell einer sozialen Marktwirtschaft. Sie verdeutlichte ausdr\u00fccklich deutlich, dass Deutschland als wirtschaftlicher Gewinner des geeinten Europas auch eine f\u00fchrende und stabilisierende Rolle in dieser Verantwortung \u00fcbernehmen muss.<\/p>\n<p>Ich m\u00f6chte hier nochmals betonen, dass diese Rede sachlich und inhaltlich klar strukturiert gehalten wurde.<\/p>\n<p>Dies ist angesichts der immer wieder neu zu \u00fcberdenkenden Situation des Euros und der Rolle Deutschlands in einem Europa im Herbst 2011 angemessen und entspricht der Ernsthaftigkeit, mit welcher derzeit um inhaltliche L\u00f6sungen gerungen wird.<\/p>\n<p>Frau Merkel hat durch ihre sachliche und kompetente Darstellung \u00fcberzeugt, und dem Parteitag damit die Richtung in der weiteren Abfolge der Arbeitsauftr\u00e4ge vorgegeben.<\/p>\n<p>Die endg\u00fcltige Verabschiedung der Richtlinien zum Mindestlohn fand nach weiteren ausf\u00fchrlichen Diskussionen in den Abendstunden des Montags statt. Auch nach der Abstimmung wurden hier noch hitzige Gespr\u00e4che auf allen G\u00e4ngen gef\u00fchrt. Dieses Thema wird uns auch in den n\u00e4chsten Wochen begleiten.<\/p>\n<p>Am Dienstag er\u00f6ffnete mit Tagesordnungspunkt 16 Frau Prof. Dr. Annette Schavan die Diskussion zum Antrag des Bundesvorstandes \u201eBildungsrepublik Deutschland\u201c.<\/p>\n<p>Zu den sachlichen Standpunkten finden Sie selbstverst\u00e4ndlich auch hier immer wieder Links, welche Sie eingehend informieren. Von meiner Seite m\u00f6chte ich erneut betonen, dass mich der breite Austausch der Argumente aller Seiten, die gute und inhaltlich reiche Ausf\u00fchrung der Diskussionen, beeindruckt hat.<\/p>\n<p>Da gerade in der f\u00f6deralistischen Bildungsrepublik Deutschland ein jedes Bundesland seine eigenen Strukturen aufweist, eigene W\u00fcnsche und Vorstellungen mit in unsere so wichtige Bildungsreform einbringen m\u00f6chte, wird hier umso deutlicher, dass wir uns auch zuk\u00fcnftig in einem st\u00e4ndigen Austausch und Wandel zu Schule und Bildung bewegen werden.<\/p>\n<p>Das soll auch den Bogen meiner pers\u00f6nlichen Berichterstattung schlie\u00dfen.<\/p>\n<p>Das Fazit dieses Bundesparteitages, welches ich aus Leipzig mit nach Kempen genommen habe, m\u00f6chte ich Ihnen gerne mit auf den Weg geben:<\/p>\n<p>Die CDU muss sich nicht neu erfinden, unsere Werte und Vorstellungen zu unserer Gesellschaft und einem Miteinander sind richtig und erhaltenswert.<\/p>\n<p>Leipzig hat arbeitsreich und intensiv allen Delegierten deutlich gemacht, dass wir, wenn wir den Wandel unserer Gesellschaft aktiv mitbegleiten, f\u00fcr die Menschen in unseren Gemeinden und St\u00e4dten ein sicherer und verl\u00e4sslicher Partner sind, dass wir uns mit aller Ernsthaftigkeit auseinandersetzen und Resultate pr\u00e4sentieren k\u00f6nnen.<\/p>\n<p><strong><em>Leipzig war nicht laut und gerade deshalb wird Leipzig im Gespr\u00e4ch bleiben.\u00a0<\/em><\/strong>\u00a0<\/p>\n<p>Ihre<\/p>\n<p><a href=\"http:\/\/cdu-kempen.de\/wp-content\/uploads\/2010\/11\/Eva-Theuerkauf.jpg\"><img loading=\"lazy\" decoding=\"async\" class=\"alignnone size-full wp-image-2940\" title=\"Eva Theuerkauf\" src=\"http:\/\/cdu-kempen.de\/wp-content\/uploads\/2010\/11\/Eva-Theuerkauf.jpg\" alt=\"\" width=\"181\" height=\"65\" \/><\/a><\/p>\n<p>Eva Theuerkauf<\/p>\n<p>&nbsp;<\/p>\n","protected":false},"excerpt":{"rendered":"<p>Sehr geehrte Parteifreunde, liebe Mitglieder, wie auch schon auf unserer Mitgliederversammlung angek\u00fcndigt, hier nun mein pers\u00f6nlicher Bericht zu drei Tagen Leipzig. Sicherlich ist die Tagespresse sehr viel schneller in der Berichterstattung als ich es nun mit meiner eigenen Erstattung des Parteitages sein kann. Somit sind Sie \u00fcber Fakten und Ergebnisse bereits ausreichend und ausf\u00fchrlich informiert. [&hellip;]<\/p>\n","protected":false},"author":5,"featured_media":0,"comment_status":"closed","ping_status":"closed","sticky":false,"template":"","format":"standard","meta":{"_et_pb_use_builder":"","_et_pb_old_content":"","_et_gb_content_width":"","footnotes":""},"categories":[5],"tags":[],"class_list":["post-3780","post","type-post","status-publish","format-standard","hentry","category-aktuelles"],"_links":{"self":[{"href":"https:\/\/cdu-kempen.de\/index.php\/wp-json\/wp\/v2\/posts\/3780"}],"collection":[{"href":"https:\/\/cdu-kempen.de\/index.php\/wp-json\/wp\/v2\/posts"}],"about":[{"href":"https:\/\/cdu-kempen.de\/index.php\/wp-json\/wp\/v2\/types\/post"}],"author":[{"embeddable":true,"href":"https:\/\/cdu-kempen.de\/index.php\/wp-json\/wp\/v2\/users\/5"}],"replies":[{"embeddable":true,"href":"https:\/\/cdu-kempen.de\/index.php\/wp-json\/wp\/v2\/comments?post=3780"}],"version-history":[{"count":0,"href":"https:\/\/cdu-kempen.de\/index.php\/wp-json\/wp\/v2\/posts\/3780\/revisions"}],"wp:attachment":[{"href":"https:\/\/cdu-kempen.de\/index.php\/wp-json\/wp\/v2\/media?parent=3780"}],"wp:term":[{"taxonomy":"category","embeddable":true,"href":"https:\/\/cdu-kempen.de\/index.php\/wp-json\/wp\/v2\/categories?post=3780"},{"taxonomy":"post_tag","embeddable":true,"href":"https:\/\/cdu-kempen.de\/index.php\/wp-json\/wp\/v2\/tags?post=3780"}],"curies":[{"name":"wp","href":"https:\/\/api.w.org\/{rel}","templated":true}]}}