{"id":3829,"date":"2012-01-20T14:11:03","date_gmt":"2012-01-20T13:11:03","guid":{"rendered":"http:\/\/www.cdu-kempen.de\/?p=3829"},"modified":"2012-01-20T14:11:03","modified_gmt":"2012-01-20T13:11:03","slug":"neujahrsempfang-2012-2","status":"publish","type":"post","link":"https:\/\/cdu-kempen.de\/index.php\/neujahrsempfang-2012-2\/","title":{"rendered":"Neujahrsempfang 2012"},"content":{"rendered":"<p>Am Freitag, 13. Januar 2012, fand in Kempen der traditionelle Neujahrsempfang der CDU Kempen statt.<br \/>\n\u00a0<br \/>\nDie Stadtverbandsvorsitzende Eva Theuerkauf begr\u00fc\u00dfte knapp 300 G\u00e4ste und setzte in ihrer Begr\u00fc\u00dfungsrede die Schwerpunkte ihres R\u00fcckblickes auf die Themen Energie, den Euro, die Schuldenkrise und den Wertewandel unserer Gesellschaft.<br \/>\n\u00a0<br \/>\nIn seiner fesselnden Rede nahm Franz-Heiner Janssen, Wehrf\u00fchrer der Kempener Feuerwehr,\u00a0die Zuh\u00f6rer mit auf einen n\u00e4chtlichen L\u00f6scheinsatz, bei dem es galt, den\u00a011j\u00e4hrigen Kevin aus einem brennenden Haus zu retten, und warb\u00a0um Verst\u00e4ndnis, wenn die ein oder andere Fahrt eines Kameraden zur Rettungswache\u00a0einmal nichts mit der Ausbildungsfahrt in der Fahrschule gemeinsam hat.<br \/>\n\u00a0<br \/>\nZum Abschluss nahm der Fraktionsvorsitzende Wilfried Bogedain im direkten Bezug auf Kempen nochmals Stellung zu der derzeitigen Haushaltslage und den damit verbundenen Sparma\u00dfnahmen.<\/p>\n<p>Ausdr\u00fccklich wurde auf dem Neujahrsempfang der Wunsch der CDU bekr\u00e4ftigt, altersgerechtes Wohnen auch in St. Hubert z\u00fcgig zu erm\u00f6glichen. Hier sollen in diesem Jahr die Weichen gestellt werden.<br \/>\n\u00a0<br \/>\nZur 50j\u00e4hrigen Mitgliedschaft konnte die Parteivorsitzende Herrn\u00a0Hermann Paschen\u00a0gratulieren und den Abend mit dem hervorragenden Spendenergebnis von aufgerundet 1.200,00 Euro f\u00fcr die Arbeit der Jugendfeuerwehr offiziell beschlie\u00dfen.<br \/>\n\u00a0<br \/>\nHier sei allen G\u00e4sten nochmals ein herzliches Dankesch\u00f6n gesagt.<\/p>\n<p><a href=\"http:\/\/cdu-kempen.de\/wp-content\/uploads\/2012\/01\/Neujahrsempfang-2012-01.jpg\"><img loading=\"lazy\" decoding=\"async\" class=\"alignnone size-full wp-image-3802\" title=\"Neujahrsempfang 2012 - 01\" src=\"http:\/\/cdu-kempen.de\/wp-content\/uploads\/2012\/01\/Neujahrsempfang-2012-01.jpg\" alt=\"\" width=\"216\" height=\"144\" srcset=\"https:\/\/cdu-kempen.de\/wp-content\/uploads\/2012\/01\/Neujahrsempfang-2012-01.jpg 600w, https:\/\/cdu-kempen.de\/wp-content\/uploads\/2012\/01\/Neujahrsempfang-2012-01-368x245.jpg 368w\" sizes=\"(max-width: 216px) 100vw, 216px\" \/><\/a>\u00a0<a href=\"http:\/\/cdu-kempen.de\/wp-content\/uploads\/2012\/01\/Neujahrsempfang-2012-02.jpg\"><img loading=\"lazy\" decoding=\"async\" class=\"alignnone size-full wp-image-3803\" title=\"Neujahrsempfang 2012 - 02\" src=\"http:\/\/cdu-kempen.de\/wp-content\/uploads\/2012\/01\/Neujahrsempfang-2012-02.jpg\" alt=\"\" width=\"216\" height=\"144\" srcset=\"https:\/\/cdu-kempen.de\/wp-content\/uploads\/2012\/01\/Neujahrsempfang-2012-02.jpg 600w, https:\/\/cdu-kempen.de\/wp-content\/uploads\/2012\/01\/Neujahrsempfang-2012-02-368x245.jpg 368w\" sizes=\"(max-width: 216px) 100vw, 216px\" \/><\/a>\u00a0<a href=\"http:\/\/cdu-kempen.de\/wp-content\/uploads\/2012\/01\/Neujahrsempfang-2012-03.jpg\"><img loading=\"lazy\" decoding=\"async\" class=\"alignnone size-full wp-image-3804\" title=\"Neujahrsempfang 2012 - 03\" src=\"http:\/\/cdu-kempen.de\/wp-content\/uploads\/2012\/01\/Neujahrsempfang-2012-03.jpg\" alt=\"\" width=\"216\" height=\"144\" srcset=\"https:\/\/cdu-kempen.de\/wp-content\/uploads\/2012\/01\/Neujahrsempfang-2012-03.jpg 600w, https:\/\/cdu-kempen.de\/wp-content\/uploads\/2012\/01\/Neujahrsempfang-2012-03-368x245.jpg 368w\" sizes=\"(max-width: 216px) 100vw, 216px\" \/><\/a>\u00a0<a href=\"http:\/\/cdu-kempen.de\/wp-content\/uploads\/2012\/01\/Neujahrsempfang-2012-04.jpg\"><img loading=\"lazy\" decoding=\"async\" class=\"alignnone size-full wp-image-3805\" title=\"Neujahrsempfang 2012 - 04\" src=\"http:\/\/cdu-kempen.de\/wp-content\/uploads\/2012\/01\/Neujahrsempfang-2012-04.jpg\" alt=\"\" width=\"216\" height=\"144\" srcset=\"https:\/\/cdu-kempen.de\/wp-content\/uploads\/2012\/01\/Neujahrsempfang-2012-04.jpg 600w, https:\/\/cdu-kempen.de\/wp-content\/uploads\/2012\/01\/Neujahrsempfang-2012-04-368x245.jpg 368w\" sizes=\"(max-width: 216px) 100vw, 216px\" \/><\/a>\u00a0<a href=\"http:\/\/cdu-kempen.de\/wp-content\/uploads\/2012\/01\/Neujahrsempfang-2012-05.jpg\"><img loading=\"lazy\" decoding=\"async\" class=\"alignnone size-full wp-image-3806\" title=\"Neujahrsempfang 2012 - 05\" src=\"http:\/\/cdu-kempen.de\/wp-content\/uploads\/2012\/01\/Neujahrsempfang-2012-05.jpg\" alt=\"\" width=\"216\" height=\"144\" srcset=\"https:\/\/cdu-kempen.de\/wp-content\/uploads\/2012\/01\/Neujahrsempfang-2012-05.jpg 600w, https:\/\/cdu-kempen.de\/wp-content\/uploads\/2012\/01\/Neujahrsempfang-2012-05-368x245.jpg 368w\" sizes=\"(max-width: 216px) 100vw, 216px\" \/><\/a>\u00a0<a href=\"http:\/\/cdu-kempen.de\/wp-content\/uploads\/2012\/01\/Neujahrsempfang-2012-06.jpg\"><img loading=\"lazy\" decoding=\"async\" class=\"alignnone size-full wp-image-3807\" title=\"Neujahrsempfang 2012 - 06\" src=\"http:\/\/cdu-kempen.de\/wp-content\/uploads\/2012\/01\/Neujahrsempfang-2012-06.jpg\" alt=\"\" width=\"215\" height=\"144\" srcset=\"https:\/\/cdu-kempen.de\/wp-content\/uploads\/2012\/01\/Neujahrsempfang-2012-06.jpg 599w, https:\/\/cdu-kempen.de\/wp-content\/uploads\/2012\/01\/Neujahrsempfang-2012-06-367x245.jpg 367w\" sizes=\"(max-width: 215px) 100vw, 215px\" \/><\/a>\u00a0<a href=\"http:\/\/cdu-kempen.de\/wp-content\/uploads\/2012\/01\/Neujahrsempfang-2012-07.jpg\"><img loading=\"lazy\" decoding=\"async\" class=\"alignnone size-full wp-image-3808\" title=\"Neujahrsempfang 2012 - 07\" src=\"http:\/\/cdu-kempen.de\/wp-content\/uploads\/2012\/01\/Neujahrsempfang-2012-07.jpg\" alt=\"\" width=\"216\" height=\"144\" srcset=\"https:\/\/cdu-kempen.de\/wp-content\/uploads\/2012\/01\/Neujahrsempfang-2012-07.jpg 600w, https:\/\/cdu-kempen.de\/wp-content\/uploads\/2012\/01\/Neujahrsempfang-2012-07-368x245.jpg 368w\" sizes=\"(max-width: 216px) 100vw, 216px\" \/><\/a>\u00a0<a href=\"http:\/\/cdu-kempen.de\/wp-content\/uploads\/2012\/01\/Neujahrsempfang-2012-08.jpg\"><img loading=\"lazy\" decoding=\"async\" class=\"alignnone size-full wp-image-3809\" title=\"Neujahrsempfang 2012 - 08\" src=\"http:\/\/cdu-kempen.de\/wp-content\/uploads\/2012\/01\/Neujahrsempfang-2012-08.jpg\" alt=\"\" width=\"216\" height=\"144\" srcset=\"https:\/\/cdu-kempen.de\/wp-content\/uploads\/2012\/01\/Neujahrsempfang-2012-08.jpg 600w, https:\/\/cdu-kempen.de\/wp-content\/uploads\/2012\/01\/Neujahrsempfang-2012-08-368x245.jpg 368w\" sizes=\"(max-width: 216px) 100vw, 216px\" \/><\/a>\u00a0<a href=\"http:\/\/cdu-kempen.de\/wp-content\/uploads\/2012\/01\/Neujahrsempfang-2012-09.jpg\"><img loading=\"lazy\" decoding=\"async\" class=\"alignnone size-full wp-image-3810\" title=\"Neujahrsempfang 2012 - 09\" src=\"http:\/\/cdu-kempen.de\/wp-content\/uploads\/2012\/01\/Neujahrsempfang-2012-09.jpg\" alt=\"\" width=\"216\" height=\"144\" srcset=\"https:\/\/cdu-kempen.de\/wp-content\/uploads\/2012\/01\/Neujahrsempfang-2012-09.jpg 600w, https:\/\/cdu-kempen.de\/wp-content\/uploads\/2012\/01\/Neujahrsempfang-2012-09-368x245.jpg 368w\" sizes=\"(max-width: 216px) 100vw, 216px\" \/><\/a>\u00a0<a href=\"http:\/\/cdu-kempen.de\/wp-content\/uploads\/2012\/01\/Neujahrsempfang-2012-10.jpg\"><img loading=\"lazy\" decoding=\"async\" class=\"alignnone size-full wp-image-3811\" title=\"Neujahrsempfang 2012 - 10\" src=\"http:\/\/cdu-kempen.de\/wp-content\/uploads\/2012\/01\/Neujahrsempfang-2012-10.jpg\" alt=\"\" width=\"216\" height=\"144\" srcset=\"https:\/\/cdu-kempen.de\/wp-content\/uploads\/2012\/01\/Neujahrsempfang-2012-10.jpg 600w, https:\/\/cdu-kempen.de\/wp-content\/uploads\/2012\/01\/Neujahrsempfang-2012-10-368x245.jpg 368w\" sizes=\"(max-width: 216px) 100vw, 216px\" \/><\/a>\u00a0<a href=\"http:\/\/cdu-kempen.de\/wp-content\/uploads\/2012\/01\/Neujahrsempfang-2012-11.jpg\"><img loading=\"lazy\" decoding=\"async\" class=\"alignnone size-full wp-image-3812\" title=\"Neujahrsempfang 2012 - 11\" src=\"http:\/\/cdu-kempen.de\/wp-content\/uploads\/2012\/01\/Neujahrsempfang-2012-11.jpg\" alt=\"\" width=\"216\" height=\"144\" srcset=\"https:\/\/cdu-kempen.de\/wp-content\/uploads\/2012\/01\/Neujahrsempfang-2012-11.jpg 600w, https:\/\/cdu-kempen.de\/wp-content\/uploads\/2012\/01\/Neujahrsempfang-2012-11-368x245.jpg 368w\" sizes=\"(max-width: 216px) 100vw, 216px\" \/><\/a>\u00a0<a href=\"http:\/\/cdu-kempen.de\/wp-content\/uploads\/2012\/01\/Neujahrsempfang-2012-12.jpg\"><img loading=\"lazy\" decoding=\"async\" class=\"alignnone size-full wp-image-3813\" title=\"Neujahrsempfang 2012 - 12\" src=\"http:\/\/cdu-kempen.de\/wp-content\/uploads\/2012\/01\/Neujahrsempfang-2012-12.jpg\" alt=\"\" width=\"216\" height=\"144\" srcset=\"https:\/\/cdu-kempen.de\/wp-content\/uploads\/2012\/01\/Neujahrsempfang-2012-12.jpg 600w, https:\/\/cdu-kempen.de\/wp-content\/uploads\/2012\/01\/Neujahrsempfang-2012-12-368x245.jpg 368w\" sizes=\"(max-width: 216px) 100vw, 216px\" \/><\/a>\u00a0<a href=\"http:\/\/cdu-kempen.de\/wp-content\/uploads\/2012\/01\/Neujahrsempfang-2012-13.jpg\"><img loading=\"lazy\" decoding=\"async\" class=\"alignnone size-full wp-image-3814\" title=\"Neujahrsempfang 2012 - 13\" src=\"http:\/\/cdu-kempen.de\/wp-content\/uploads\/2012\/01\/Neujahrsempfang-2012-13.jpg\" alt=\"\" width=\"216\" height=\"144\" srcset=\"https:\/\/cdu-kempen.de\/wp-content\/uploads\/2012\/01\/Neujahrsempfang-2012-13.jpg 600w, https:\/\/cdu-kempen.de\/wp-content\/uploads\/2012\/01\/Neujahrsempfang-2012-13-368x245.jpg 368w\" sizes=\"(max-width: 216px) 100vw, 216px\" \/><\/a>\u00a0<a href=\"http:\/\/cdu-kempen.de\/wp-content\/uploads\/2012\/01\/Neujahrsempfang-2012-14.jpg\"><img loading=\"lazy\" decoding=\"async\" class=\"alignnone size-full wp-image-3815\" title=\"Neujahrsempfang 2012 - 14\" src=\"http:\/\/cdu-kempen.de\/wp-content\/uploads\/2012\/01\/Neujahrsempfang-2012-14.jpg\" alt=\"\" width=\"216\" height=\"144\" srcset=\"https:\/\/cdu-kempen.de\/wp-content\/uploads\/2012\/01\/Neujahrsempfang-2012-14.jpg 600w, https:\/\/cdu-kempen.de\/wp-content\/uploads\/2012\/01\/Neujahrsempfang-2012-14-368x245.jpg 368w\" sizes=\"(max-width: 216px) 100vw, 216px\" \/><\/a>\u00a0<a href=\"http:\/\/cdu-kempen.de\/wp-content\/uploads\/2012\/01\/Neujahrsempfang-2012-15.jpg\"><img loading=\"lazy\" decoding=\"async\" class=\"alignnone size-full wp-image-3816\" title=\"Neujahrsempfang 2012 - 15\" src=\"http:\/\/cdu-kempen.de\/wp-content\/uploads\/2012\/01\/Neujahrsempfang-2012-15.jpg\" alt=\"\" width=\"216\" height=\"144\" srcset=\"https:\/\/cdu-kempen.de\/wp-content\/uploads\/2012\/01\/Neujahrsempfang-2012-15.jpg 600w, https:\/\/cdu-kempen.de\/wp-content\/uploads\/2012\/01\/Neujahrsempfang-2012-15-368x245.jpg 368w\" sizes=\"(max-width: 216px) 100vw, 216px\" \/><\/a>\u00a0<a href=\"http:\/\/cdu-kempen.de\/wp-content\/uploads\/2012\/01\/Neujahrsempfang-2012-16.jpg\"><img loading=\"lazy\" decoding=\"async\" class=\"alignnone size-full wp-image-3817\" title=\"Neujahrsempfang 2012 - 16\" src=\"http:\/\/cdu-kempen.de\/wp-content\/uploads\/2012\/01\/Neujahrsempfang-2012-16.jpg\" alt=\"\" width=\"216\" height=\"144\" srcset=\"https:\/\/cdu-kempen.de\/wp-content\/uploads\/2012\/01\/Neujahrsempfang-2012-16.jpg 600w, https:\/\/cdu-kempen.de\/wp-content\/uploads\/2012\/01\/Neujahrsempfang-2012-16-368x245.jpg 368w\" sizes=\"(max-width: 216px) 100vw, 216px\" \/><\/a>\u00a0<a href=\"http:\/\/cdu-kempen.de\/wp-content\/uploads\/2012\/01\/Neujahrsempfang-2012-17.jpg\"><img loading=\"lazy\" decoding=\"async\" class=\"alignnone size-full wp-image-3818\" title=\"Neujahrsempfang 2012 - 17\" src=\"http:\/\/cdu-kempen.de\/wp-content\/uploads\/2012\/01\/Neujahrsempfang-2012-17.jpg\" alt=\"\" width=\"216\" height=\"144\" srcset=\"https:\/\/cdu-kempen.de\/wp-content\/uploads\/2012\/01\/Neujahrsempfang-2012-17.jpg 600w, https:\/\/cdu-kempen.de\/wp-content\/uploads\/2012\/01\/Neujahrsempfang-2012-17-368x245.jpg 368w\" sizes=\"(max-width: 216px) 100vw, 216px\" \/><\/a>\u00a0<a href=\"http:\/\/cdu-kempen.de\/wp-content\/uploads\/2012\/01\/Neujahrsempfang-2012-18.jpg\"><img loading=\"lazy\" decoding=\"async\" class=\"alignnone size-full wp-image-3819\" title=\"Neujahrsempfang 2012 - 18\" src=\"http:\/\/cdu-kempen.de\/wp-content\/uploads\/2012\/01\/Neujahrsempfang-2012-18.jpg\" alt=\"\" width=\"216\" height=\"144\" srcset=\"https:\/\/cdu-kempen.de\/wp-content\/uploads\/2012\/01\/Neujahrsempfang-2012-18.jpg 600w, https:\/\/cdu-kempen.de\/wp-content\/uploads\/2012\/01\/Neujahrsempfang-2012-18-368x245.jpg 368w\" sizes=\"(max-width: 216px) 100vw, 216px\" \/><\/a>\u00a0<a href=\"http:\/\/cdu-kempen.de\/wp-content\/uploads\/2012\/01\/Neujahrsempfang-2012-19.jpg\"><img loading=\"lazy\" decoding=\"async\" class=\"alignnone size-full wp-image-3820\" title=\"Neujahrsempfang 2012 - 19\" src=\"http:\/\/cdu-kempen.de\/wp-content\/uploads\/2012\/01\/Neujahrsempfang-2012-19.jpg\" alt=\"\" width=\"216\" height=\"144\" srcset=\"https:\/\/cdu-kempen.de\/wp-content\/uploads\/2012\/01\/Neujahrsempfang-2012-19.jpg 600w, https:\/\/cdu-kempen.de\/wp-content\/uploads\/2012\/01\/Neujahrsempfang-2012-19-368x245.jpg 368w\" sizes=\"(max-width: 216px) 100vw, 216px\" \/><\/a>\u00a0<a href=\"http:\/\/cdu-kempen.de\/wp-content\/uploads\/2012\/01\/Neujahrsempfang-2012-20.jpg\"><img loading=\"lazy\" decoding=\"async\" class=\"alignnone size-full wp-image-3821\" title=\"Neujahrsempfang 2012 - 20\" src=\"http:\/\/cdu-kempen.de\/wp-content\/uploads\/2012\/01\/Neujahrsempfang-2012-20.jpg\" alt=\"\" width=\"216\" height=\"144\" srcset=\"https:\/\/cdu-kempen.de\/wp-content\/uploads\/2012\/01\/Neujahrsempfang-2012-20.jpg 600w, https:\/\/cdu-kempen.de\/wp-content\/uploads\/2012\/01\/Neujahrsempfang-2012-20-368x245.jpg 368w\" sizes=\"(max-width: 216px) 100vw, 216px\" \/><\/a>\u00a0<a href=\"http:\/\/cdu-kempen.de\/wp-content\/uploads\/2012\/01\/Neujahrsempfang-2012-21.jpg\"><img loading=\"lazy\" decoding=\"async\" class=\"alignnone size-full wp-image-3822\" title=\"Neujahrsempfang 2012 - 21\" src=\"http:\/\/cdu-kempen.de\/wp-content\/uploads\/2012\/01\/Neujahrsempfang-2012-21.jpg\" alt=\"\" width=\"216\" height=\"144\" srcset=\"https:\/\/cdu-kempen.de\/wp-content\/uploads\/2012\/01\/Neujahrsempfang-2012-21.jpg 600w, https:\/\/cdu-kempen.de\/wp-content\/uploads\/2012\/01\/Neujahrsempfang-2012-21-368x245.jpg 368w\" sizes=\"(max-width: 216px) 100vw, 216px\" \/><\/a>\u00a0<a href=\"http:\/\/cdu-kempen.de\/wp-content\/uploads\/2012\/01\/Neujahrsempfang-2012-22.jpg\"><img loading=\"lazy\" decoding=\"async\" class=\"alignnone size-full wp-image-3823\" title=\"Neujahrsempfang 2012 - 22\" src=\"http:\/\/cdu-kempen.de\/wp-content\/uploads\/2012\/01\/Neujahrsempfang-2012-22.jpg\" alt=\"\" width=\"216\" height=\"144\" srcset=\"https:\/\/cdu-kempen.de\/wp-content\/uploads\/2012\/01\/Neujahrsempfang-2012-22.jpg 600w, https:\/\/cdu-kempen.de\/wp-content\/uploads\/2012\/01\/Neujahrsempfang-2012-22-368x245.jpg 368w\" sizes=\"(max-width: 216px) 100vw, 216px\" \/><\/a>\u00a0<a href=\"http:\/\/cdu-kempen.de\/wp-content\/uploads\/2012\/01\/Neujahrsempfang-2012-23.jpg\"><img loading=\"lazy\" decoding=\"async\" class=\"alignnone size-full wp-image-3824\" title=\"Neujahrsempfang 2012 - 23\" src=\"http:\/\/cdu-kempen.de\/wp-content\/uploads\/2012\/01\/Neujahrsempfang-2012-23.jpg\" alt=\"\" width=\"216\" height=\"144\" srcset=\"https:\/\/cdu-kempen.de\/wp-content\/uploads\/2012\/01\/Neujahrsempfang-2012-23.jpg 600w, https:\/\/cdu-kempen.de\/wp-content\/uploads\/2012\/01\/Neujahrsempfang-2012-23-368x245.jpg 368w\" sizes=\"(max-width: 216px) 100vw, 216px\" \/><\/a>\u00a0<a href=\"http:\/\/cdu-kempen.de\/wp-content\/uploads\/2012\/01\/Neujahrsempfang-2012-24.jpg\"><img loading=\"lazy\" decoding=\"async\" class=\"alignnone size-full wp-image-3825\" title=\"Neujahrsempfang 2012 - 24\" src=\"http:\/\/cdu-kempen.de\/wp-content\/uploads\/2012\/01\/Neujahrsempfang-2012-24.jpg\" alt=\"\" width=\"216\" height=\"144\" srcset=\"https:\/\/cdu-kempen.de\/wp-content\/uploads\/2012\/01\/Neujahrsempfang-2012-24.jpg 600w, https:\/\/cdu-kempen.de\/wp-content\/uploads\/2012\/01\/Neujahrsempfang-2012-24-368x245.jpg 368w\" sizes=\"(max-width: 216px) 100vw, 216px\" \/><\/a><\/p>\n","protected":false},"excerpt":{"rendered":"<p>Am Freitag, 13. Januar 2012, fand in Kempen der traditionelle Neujahrsempfang der CDU Kempen statt. \u00a0 Die Stadtverbandsvorsitzende Eva Theuerkauf begr\u00fc\u00dfte knapp 300 G\u00e4ste und setzte in ihrer Begr\u00fc\u00dfungsrede die Schwerpunkte ihres R\u00fcckblickes auf die Themen Energie, den Euro, die Schuldenkrise und den Wertewandel unserer Gesellschaft. \u00a0 In seiner fesselnden Rede nahm Franz-Heiner Janssen, Wehrf\u00fchrer [&hellip;]<\/p>\n","protected":false},"author":5,"featured_media":0,"comment_status":"closed","ping_status":"closed","sticky":false,"template":"","format":"standard","meta":{"_et_pb_use_builder":"","_et_pb_old_content":"","_et_gb_content_width":"","footnotes":""},"categories":[5],"tags":[],"class_list":["post-3829","post","type-post","status-publish","format-standard","hentry","category-aktuelles"],"_links":{"self":[{"href":"https:\/\/cdu-kempen.de\/index.php\/wp-json\/wp\/v2\/posts\/3829"}],"collection":[{"href":"https:\/\/cdu-kempen.de\/index.php\/wp-json\/wp\/v2\/posts"}],"about":[{"href":"https:\/\/cdu-kempen.de\/index.php\/wp-json\/wp\/v2\/types\/post"}],"author":[{"embeddable":true,"href":"https:\/\/cdu-kempen.de\/index.php\/wp-json\/wp\/v2\/users\/5"}],"replies":[{"embeddable":true,"href":"https:\/\/cdu-kempen.de\/index.php\/wp-json\/wp\/v2\/comments?post=3829"}],"version-history":[{"count":0,"href":"https:\/\/cdu-kempen.de\/index.php\/wp-json\/wp\/v2\/posts\/3829\/revisions"}],"wp:attachment":[{"href":"https:\/\/cdu-kempen.de\/index.php\/wp-json\/wp\/v2\/media?parent=3829"}],"wp:term":[{"taxonomy":"category","embeddable":true,"href":"https:\/\/cdu-kempen.de\/index.php\/wp-json\/wp\/v2\/categories?post=3829"},{"taxonomy":"post_tag","embeddable":true,"href":"https:\/\/cdu-kempen.de\/index.php\/wp-json\/wp\/v2\/tags?post=3829"}],"curies":[{"name":"wp","href":"https:\/\/api.w.org\/{rel}","templated":true}]}}