{"id":3980,"date":"2012-06-25T17:26:06","date_gmt":"2012-06-25T16:26:06","guid":{"rendered":"http:\/\/www.cdu-kempen.de\/?p=3980"},"modified":"2012-06-25T17:26:06","modified_gmt":"2012-06-25T16:26:06","slug":"wolfgang-bosbach-bei-der-cdu-kempen","status":"publish","type":"post","link":"https:\/\/cdu-kempen.de\/index.php\/wolfgang-bosbach-bei-der-cdu-kempen\/","title":{"rendered":"Wolfgang Bosbach bei der CDU Kempen"},"content":{"rendered":"<p>Mit Wolfgang Bosbach, Vorsitzender des Innenausschusses im Bundestag, hatte sich die Kempener CDU ein bekanntes. aber auch streitbares Parteimitglied eingeladen\u00a0<\/p>\n<p>&#8222;Politik? Nein danke! Wer tr\u00e4gt noch die Verantwortung?&#8220; lautete das Thema. Das Thema zog offensichtlich viele Besucher an, denn der gro\u00dfe Saal im Kolpingbaus war sehr gut gef\u00fcllt. Die Vorsitzende der Kempener CDU Eva Theuerkauf freute sich \u00fcber den prominenten Redner, der sich ebenso charmant f\u00fcr die Einladung bedankte. &#8222;So liebe Worte, und das von der eigenen Partei.&#8220;<\/p>\n<p>Dann aber ging es nach den Freundlichkeiten um das eigentliche Thema. Keine Staatsform bed\u00fcrfe der Mitarbeit aller mehr als die Demokratie. Demokratie, das ist f\u00fcr ihn das Ringen um Meinungen und um Vielfalt. Keineswegs immer angenehm. Aufgabe der Volksparteien sei es aber, hier \u00dcbereinstimmung zu finden. Angesichts der letzten Diskussionen um \u00c4u\u00dferungen von Bundestagskollegen, die der Linie der Partei entgegen liefen, betonte er die Unabh\u00e4ngigkeit der Abgeordneten und unterst\u00fctzte die Haltung von Bundestagspr\u00e4sident Lammert, diesen ihr Rederecht von f\u00fcnf Minuten einger\u00e4umt zu haben. &#8222;Das muss eine lebendige Demokratie aushalten, eine Volkspartei aushalten.&#8220;<\/p>\n<p>Weiterhin appellierte er, neue Ideen und Pl\u00e4ne wie zum Beispiel in der Energiepolitik aktiv mit B\u00fcrgern anzugehen. Viele Menschen engagierten sich in Initiativen bei solchen Projekten, auf die m\u00fcsse man zugehen. Auch wenn, wie er aus eigener Erfahrung als Kommunalpolitiker wei\u00df, oft das St. Floriansprinzip gilt. Die Idee ist gut, aber verwirklicht werden soll sie lieber andernorts. Bosbach mahnte: ,.Uns geht langsam der Zusammenhang verloren zwischen Wirtschaft und sozialer Verantwortung.&#8220; Gespickt mit vielen Zitaten bishin zum Korinther-Brief aus der Bibel war Bosbachs Vortrag teilweise heiter, durchaus aber auch eine ernsthafte Mahnung an seine Parteimitglieder. Schlie\u00dflich pr\u00e4gten die Werte der CDU das christliche wie auch demokratische Element. Das kam offensichtlich bei einem Gro\u00dfteil der Besucher gut an.<\/p>\n<p><a href=\"http:\/\/cdu-kempen.de\/wp-content\/uploads\/2012\/06\/DSC7913_Bildgr\u00f6\u00dfe-\u00e4ndern.jpg\"><img loading=\"lazy\" decoding=\"async\" class=\"alignnone  wp-image-4000\" title=\"_DSC7913_Bildgr\u00f6\u00dfe \u00e4ndern\" src=\"http:\/\/cdu-kempen.de\/wp-content\/uploads\/2012\/06\/DSC7913_Bildgr\u00f6\u00dfe-\u00e4ndern.jpg\" alt=\"\" width=\"216\" height=\"143\" srcset=\"https:\/\/cdu-kempen.de\/wp-content\/uploads\/2012\/06\/DSC7913_Bildgr\u00f6\u00dfe-\u00e4ndern.jpg 600w, https:\/\/cdu-kempen.de\/wp-content\/uploads\/2012\/06\/DSC7913_Bildgr\u00f6\u00dfe-\u00e4ndern-368x245.jpg 368w\" sizes=\"(max-width: 216px) 100vw, 216px\" \/><\/a>\u00a0<a href=\"http:\/\/cdu-kempen.de\/wp-content\/uploads\/2012\/06\/DSC7805_Bildgr\u00f6\u00dfe-\u00e4ndern.jpg\"><img loading=\"lazy\" decoding=\"async\" class=\"alignnone  wp-image-3982\" title=\"_DSC7805_Bildgr\u00f6\u00dfe \u00e4ndern\" src=\"http:\/\/cdu-kempen.de\/wp-content\/uploads\/2012\/06\/DSC7805_Bildgr\u00f6\u00dfe-\u00e4ndern.jpg\" alt=\"\" width=\"216\" height=\"143\" srcset=\"https:\/\/cdu-kempen.de\/wp-content\/uploads\/2012\/06\/DSC7805_Bildgr\u00f6\u00dfe-\u00e4ndern.jpg 600w, https:\/\/cdu-kempen.de\/wp-content\/uploads\/2012\/06\/DSC7805_Bildgr\u00f6\u00dfe-\u00e4ndern-368x245.jpg 368w\" sizes=\"(max-width: 216px) 100vw, 216px\" \/><\/a>\u00a0<a href=\"http:\/\/cdu-kempen.de\/wp-content\/uploads\/2012\/06\/DSC7810_Bildgr\u00f6\u00dfe-\u00e4ndern.jpg\"><img loading=\"lazy\" decoding=\"async\" class=\"alignnone  wp-image-3983\" title=\"_DSC7810_Bildgr\u00f6\u00dfe \u00e4ndern\" src=\"http:\/\/cdu-kempen.de\/wp-content\/uploads\/2012\/06\/DSC7810_Bildgr\u00f6\u00dfe-\u00e4ndern.jpg\" alt=\"\" width=\"216\" height=\"143\" srcset=\"https:\/\/cdu-kempen.de\/wp-content\/uploads\/2012\/06\/DSC7810_Bildgr\u00f6\u00dfe-\u00e4ndern.jpg 600w, https:\/\/cdu-kempen.de\/wp-content\/uploads\/2012\/06\/DSC7810_Bildgr\u00f6\u00dfe-\u00e4ndern-368x245.jpg 368w\" sizes=\"(max-width: 216px) 100vw, 216px\" \/><\/a>\u00a0<a href=\"http:\/\/cdu-kempen.de\/wp-content\/uploads\/2012\/06\/DSC7812_Bildgr\u00f6\u00dfe-\u00e4ndern.jpg\"><img loading=\"lazy\" decoding=\"async\" class=\"alignnone  wp-image-3984\" title=\"_DSC7812_Bildgr\u00f6\u00dfe \u00e4ndern\" src=\"http:\/\/cdu-kempen.de\/wp-content\/uploads\/2012\/06\/DSC7812_Bildgr\u00f6\u00dfe-\u00e4ndern.jpg\" alt=\"\" width=\"216\" height=\"143\" srcset=\"https:\/\/cdu-kempen.de\/wp-content\/uploads\/2012\/06\/DSC7812_Bildgr\u00f6\u00dfe-\u00e4ndern.jpg 600w, https:\/\/cdu-kempen.de\/wp-content\/uploads\/2012\/06\/DSC7812_Bildgr\u00f6\u00dfe-\u00e4ndern-368x245.jpg 368w\" sizes=\"(max-width: 216px) 100vw, 216px\" \/><\/a>\u00a0<a href=\"http:\/\/cdu-kempen.de\/wp-content\/uploads\/2012\/06\/DSC7815_Bildgr\u00f6\u00dfe-\u00e4ndern.jpg\"><img loading=\"lazy\" decoding=\"async\" class=\"alignnone  wp-image-3985\" title=\"_DSC7815_Bildgr\u00f6\u00dfe \u00e4ndern\" src=\"http:\/\/cdu-kempen.de\/wp-content\/uploads\/2012\/06\/DSC7815_Bildgr\u00f6\u00dfe-\u00e4ndern.jpg\" alt=\"\" width=\"216\" height=\"143\" srcset=\"https:\/\/cdu-kempen.de\/wp-content\/uploads\/2012\/06\/DSC7815_Bildgr\u00f6\u00dfe-\u00e4ndern.jpg 600w, https:\/\/cdu-kempen.de\/wp-content\/uploads\/2012\/06\/DSC7815_Bildgr\u00f6\u00dfe-\u00e4ndern-368x245.jpg 368w\" sizes=\"(max-width: 216px) 100vw, 216px\" \/><\/a>\u00a0<a href=\"http:\/\/cdu-kempen.de\/wp-content\/uploads\/2012\/06\/DSC7816_Bildgr\u00f6\u00dfe-\u00e4ndern.jpg\"><img loading=\"lazy\" decoding=\"async\" class=\"alignnone  wp-image-3986\" title=\"_DSC7816_Bildgr\u00f6\u00dfe \u00e4ndern\" src=\"http:\/\/cdu-kempen.de\/wp-content\/uploads\/2012\/06\/DSC7816_Bildgr\u00f6\u00dfe-\u00e4ndern.jpg\" alt=\"\" width=\"216\" height=\"143\" srcset=\"https:\/\/cdu-kempen.de\/wp-content\/uploads\/2012\/06\/DSC7816_Bildgr\u00f6\u00dfe-\u00e4ndern.jpg 600w, https:\/\/cdu-kempen.de\/wp-content\/uploads\/2012\/06\/DSC7816_Bildgr\u00f6\u00dfe-\u00e4ndern-368x245.jpg 368w\" sizes=\"(max-width: 216px) 100vw, 216px\" \/><\/a>\u00a0<a href=\"http:\/\/cdu-kempen.de\/wp-content\/uploads\/2012\/06\/DSC7824_Bildgr\u00f6\u00dfe-\u00e4ndern.jpg\"><img loading=\"lazy\" decoding=\"async\" class=\"alignnone  wp-image-3987\" title=\"_DSC7824_Bildgr\u00f6\u00dfe \u00e4ndern\" src=\"http:\/\/cdu-kempen.de\/wp-content\/uploads\/2012\/06\/DSC7824_Bildgr\u00f6\u00dfe-\u00e4ndern.jpg\" alt=\"\" width=\"216\" height=\"143\" srcset=\"https:\/\/cdu-kempen.de\/wp-content\/uploads\/2012\/06\/DSC7824_Bildgr\u00f6\u00dfe-\u00e4ndern.jpg 600w, https:\/\/cdu-kempen.de\/wp-content\/uploads\/2012\/06\/DSC7824_Bildgr\u00f6\u00dfe-\u00e4ndern-368x245.jpg 368w\" sizes=\"(max-width: 216px) 100vw, 216px\" \/><\/a>\u00a0<a href=\"http:\/\/cdu-kempen.de\/wp-content\/uploads\/2012\/06\/DSC7834_Bildgr\u00f6\u00dfe-\u00e4ndern.jpg\"><img loading=\"lazy\" decoding=\"async\" class=\"alignnone  wp-image-3988\" title=\"_DSC7834_Bildgr\u00f6\u00dfe \u00e4ndern\" src=\"http:\/\/cdu-kempen.de\/wp-content\/uploads\/2012\/06\/DSC7834_Bildgr\u00f6\u00dfe-\u00e4ndern.jpg\" alt=\"\" width=\"216\" height=\"143\" srcset=\"https:\/\/cdu-kempen.de\/wp-content\/uploads\/2012\/06\/DSC7834_Bildgr\u00f6\u00dfe-\u00e4ndern.jpg 600w, https:\/\/cdu-kempen.de\/wp-content\/uploads\/2012\/06\/DSC7834_Bildgr\u00f6\u00dfe-\u00e4ndern-368x245.jpg 368w\" sizes=\"(max-width: 216px) 100vw, 216px\" \/><\/a>\u00a0<a href=\"http:\/\/cdu-kempen.de\/wp-content\/uploads\/2012\/06\/DSC7841_Bildgr\u00f6\u00dfe-\u00e4ndern.jpg\"><img loading=\"lazy\" decoding=\"async\" class=\"alignnone  wp-image-3990\" title=\"_DSC7841_Bildgr\u00f6\u00dfe \u00e4ndern\" src=\"http:\/\/cdu-kempen.de\/wp-content\/uploads\/2012\/06\/DSC7841_Bildgr\u00f6\u00dfe-\u00e4ndern.jpg\" alt=\"\" width=\"216\" height=\"143\" srcset=\"https:\/\/cdu-kempen.de\/wp-content\/uploads\/2012\/06\/DSC7841_Bildgr\u00f6\u00dfe-\u00e4ndern.jpg 600w, https:\/\/cdu-kempen.de\/wp-content\/uploads\/2012\/06\/DSC7841_Bildgr\u00f6\u00dfe-\u00e4ndern-368x245.jpg 368w\" sizes=\"(max-width: 216px) 100vw, 216px\" \/><\/a>\u00a0<a href=\"http:\/\/cdu-kempen.de\/wp-content\/uploads\/2012\/06\/DSC7848_Bildgr\u00f6\u00dfe-\u00e4ndern.jpg\"><img loading=\"lazy\" decoding=\"async\" class=\"alignnone  wp-image-3991\" title=\"_DSC7848_Bildgr\u00f6\u00dfe \u00e4ndern\" src=\"http:\/\/cdu-kempen.de\/wp-content\/uploads\/2012\/06\/DSC7848_Bildgr\u00f6\u00dfe-\u00e4ndern.jpg\" alt=\"\" width=\"216\" height=\"143\" srcset=\"https:\/\/cdu-kempen.de\/wp-content\/uploads\/2012\/06\/DSC7848_Bildgr\u00f6\u00dfe-\u00e4ndern.jpg 600w, https:\/\/cdu-kempen.de\/wp-content\/uploads\/2012\/06\/DSC7848_Bildgr\u00f6\u00dfe-\u00e4ndern-368x245.jpg 368w\" sizes=\"(max-width: 216px) 100vw, 216px\" \/><\/a>\u00a0<a href=\"http:\/\/cdu-kempen.de\/wp-content\/uploads\/2012\/06\/DSC7885_Bildgr\u00f6\u00dfe-\u00e4ndern.jpg\"><img loading=\"lazy\" decoding=\"async\" class=\"alignnone  wp-image-3996\" title=\"_DSC7885_Bildgr\u00f6\u00dfe \u00e4ndern\" src=\"http:\/\/cdu-kempen.de\/wp-content\/uploads\/2012\/06\/DSC7885_Bildgr\u00f6\u00dfe-\u00e4ndern.jpg\" alt=\"\" width=\"216\" height=\"143\" srcset=\"https:\/\/cdu-kempen.de\/wp-content\/uploads\/2012\/06\/DSC7885_Bildgr\u00f6\u00dfe-\u00e4ndern.jpg 600w, https:\/\/cdu-kempen.de\/wp-content\/uploads\/2012\/06\/DSC7885_Bildgr\u00f6\u00dfe-\u00e4ndern-368x245.jpg 368w\" sizes=\"(max-width: 216px) 100vw, 216px\" \/><\/a>\u00a0<a href=\"http:\/\/cdu-kempen.de\/wp-content\/uploads\/2012\/06\/DSC7902_Bildgr\u00f6\u00dfe-\u00e4ndern.jpg\"><img loading=\"lazy\" decoding=\"async\" class=\"alignnone  wp-image-3997\" title=\"_DSC7902_Bildgr\u00f6\u00dfe \u00e4ndern\" src=\"http:\/\/cdu-kempen.de\/wp-content\/uploads\/2012\/06\/DSC7902_Bildgr\u00f6\u00dfe-\u00e4ndern.jpg\" alt=\"\" width=\"216\" height=\"143\" srcset=\"https:\/\/cdu-kempen.de\/wp-content\/uploads\/2012\/06\/DSC7902_Bildgr\u00f6\u00dfe-\u00e4ndern.jpg 600w, https:\/\/cdu-kempen.de\/wp-content\/uploads\/2012\/06\/DSC7902_Bildgr\u00f6\u00dfe-\u00e4ndern-368x245.jpg 368w\" sizes=\"(max-width: 216px) 100vw, 216px\" \/><\/a><\/p>\n<p>Danke an <a href=\"http:\/\/incave.de\/music\">Christoph Omsels <\/a>f\u00fcr die Audiotechnik und die Fotos<\/p>\n","protected":false},"excerpt":{"rendered":"<p>Mit Wolfgang Bosbach, Vorsitzender des Innenausschusses im Bundestag, hatte sich die Kempener CDU ein bekanntes. aber auch streitbares Parteimitglied eingeladen\u00a0 &#8222;Politik? Nein danke! Wer tr\u00e4gt noch die Verantwortung?&#8220; lautete das Thema. Das Thema zog offensichtlich viele Besucher an, denn der gro\u00dfe Saal im Kolpingbaus war sehr gut gef\u00fcllt. Die Vorsitzende der Kempener CDU Eva Theuerkauf [&hellip;]<\/p>\n","protected":false},"author":5,"featured_media":0,"comment_status":"closed","ping_status":"closed","sticky":false,"template":"","format":"standard","meta":{"_et_pb_use_builder":"","_et_pb_old_content":"","_et_gb_content_width":"","footnotes":""},"categories":[5],"tags":[],"class_list":["post-3980","post","type-post","status-publish","format-standard","hentry","category-aktuelles"],"_links":{"self":[{"href":"https:\/\/cdu-kempen.de\/index.php\/wp-json\/wp\/v2\/posts\/3980"}],"collection":[{"href":"https:\/\/cdu-kempen.de\/index.php\/wp-json\/wp\/v2\/posts"}],"about":[{"href":"https:\/\/cdu-kempen.de\/index.php\/wp-json\/wp\/v2\/types\/post"}],"author":[{"embeddable":true,"href":"https:\/\/cdu-kempen.de\/index.php\/wp-json\/wp\/v2\/users\/5"}],"replies":[{"embeddable":true,"href":"https:\/\/cdu-kempen.de\/index.php\/wp-json\/wp\/v2\/comments?post=3980"}],"version-history":[{"count":0,"href":"https:\/\/cdu-kempen.de\/index.php\/wp-json\/wp\/v2\/posts\/3980\/revisions"}],"wp:attachment":[{"href":"https:\/\/cdu-kempen.de\/index.php\/wp-json\/wp\/v2\/media?parent=3980"}],"wp:term":[{"taxonomy":"category","embeddable":true,"href":"https:\/\/cdu-kempen.de\/index.php\/wp-json\/wp\/v2\/categories?post=3980"},{"taxonomy":"post_tag","embeddable":true,"href":"https:\/\/cdu-kempen.de\/index.php\/wp-json\/wp\/v2\/tags?post=3980"}],"curies":[{"name":"wp","href":"https:\/\/api.w.org\/{rel}","templated":true}]}}