{"id":4070,"date":"2012-08-12T12:32:14","date_gmt":"2012-08-12T11:32:14","guid":{"rendered":"http:\/\/www.cdu-kempen.de\/?p=4070"},"modified":"2012-08-12T12:32:14","modified_gmt":"2012-08-12T11:32:14","slug":"cdu-kempen-besichtigt-floriade-in-venlo","status":"publish","type":"post","link":"https:\/\/cdu-kempen.de\/index.php\/cdu-kempen-besichtigt-floriade-in-venlo\/","title":{"rendered":"CDU Kempen besichtigt Floriade in Venlo"},"content":{"rendered":"<p>Zu einem Tagesausflug hatte die CDU Kempen Mitglieder und Freunde eingeladen. Die CDU-Vorsitzende Eva Theuerkauf\u00a0 und der CDU-Fraktionsvorsitzende Wilfried Bogedain\u00a0 hatten\u00a0 zu diesem Anlass\u00a0 einen Bus zur gr\u00f6\u00dften Weltgartenausstellung\u00a0 mit \u00fcber 100 Gartenanlagen nach Venlo organisiert.<\/p>\n<p>Die Reisegruppe von knapp 40 interessierten Besuchern wurde zu Beginn in zwei Gruppen geteilt und in einer zweist\u00fcndigen F\u00fchrung mit einem Rundgang \u00fcber das Gel\u00e4nde mit den unterschiedlichen Arealen vertraut gemacht. Fachkundige Erl\u00e4uterungen wurden von den Kempener G\u00e4sten gerne angenommen, und die Einzelheiten der gro\u00dffl\u00e4chigen Ausstellung interessiert besichtigt.<\/p>\n<p>Besonders die ausl\u00e4ndischen Pavillions sowie\u00a0 die teils sehr kunstvoll gestalteten Beete sind f\u00fcr jeden Gartenfreund sehenswert und stecken voller Ideenreichtum.<\/p>\n<p>Viel Spa\u00df machte der Gruppe die Gondelfahrt \u00fcber das Areal. Hier konnte man einen interessanten \u00dcberblick zu der Gr\u00f6\u00dfe der angelegten Fl\u00e4che gewinnen.<\/p>\n<p>Auch der ehemalige Bundestagsabgeordnete Julius Louven\u00a0 lie\u00df es sich nicht nehmen, diesem auch f\u00fcr die Region Niederrhein wichtigen Wirtschaftszweig einen Besuch abzustatten. Es lohnt sich zur Floriade nach Venlo zu fahren, so das\u00a0Fazit der CDU-Gruppe.<\/p>\n<p><a href=\"http:\/\/cdu-kempen.de\/wp-content\/uploads\/2012\/08\/Floriade-001.jpg\"><img loading=\"lazy\" decoding=\"async\" class=\"alignnone  wp-image-4064\" title=\"Floriade 001\" src=\"http:\/\/cdu-kempen.de\/wp-content\/uploads\/2012\/08\/Floriade-001.jpg\" alt=\"\" width=\"192\" height=\"144\" srcset=\"https:\/\/cdu-kempen.de\/wp-content\/uploads\/2012\/08\/Floriade-001.jpg 533w, https:\/\/cdu-kempen.de\/wp-content\/uploads\/2012\/08\/Floriade-001-326x245.jpg 326w\" sizes=\"(max-width: 192px) 100vw, 192px\" \/><\/a>\u00a0<a href=\"http:\/\/cdu-kempen.de\/wp-content\/uploads\/2012\/08\/Floriade-002.jpg\"><img loading=\"lazy\" decoding=\"async\" class=\"alignnone  wp-image-4065\" title=\"Floriade 002\" src=\"http:\/\/cdu-kempen.de\/wp-content\/uploads\/2012\/08\/Floriade-002.jpg\" alt=\"\" width=\"192\" height=\"144\" srcset=\"https:\/\/cdu-kempen.de\/wp-content\/uploads\/2012\/08\/Floriade-002.jpg 533w, https:\/\/cdu-kempen.de\/wp-content\/uploads\/2012\/08\/Floriade-002-326x245.jpg 326w\" sizes=\"(max-width: 192px) 100vw, 192px\" \/><\/a>\u00a0<a href=\"http:\/\/cdu-kempen.de\/wp-content\/uploads\/2012\/08\/Floriade-003.jpg\"><img loading=\"lazy\" decoding=\"async\" class=\"alignnone  wp-image-4066\" title=\"Floriade 003\" src=\"http:\/\/cdu-kempen.de\/wp-content\/uploads\/2012\/08\/Floriade-003.jpg\" alt=\"\" width=\"192\" height=\"144\" srcset=\"https:\/\/cdu-kempen.de\/wp-content\/uploads\/2012\/08\/Floriade-003.jpg 533w, https:\/\/cdu-kempen.de\/wp-content\/uploads\/2012\/08\/Floriade-003-326x245.jpg 326w\" sizes=\"(max-width: 192px) 100vw, 192px\" \/><\/a>\u00a0<a href=\"http:\/\/cdu-kempen.de\/wp-content\/uploads\/2012\/08\/Floriade-004.jpg\"><img loading=\"lazy\" decoding=\"async\" class=\"alignnone  wp-image-4067\" title=\"Floriade 004\" src=\"http:\/\/cdu-kempen.de\/wp-content\/uploads\/2012\/08\/Floriade-004.jpg\" alt=\"\" width=\"192\" height=\"144\" srcset=\"https:\/\/cdu-kempen.de\/wp-content\/uploads\/2012\/08\/Floriade-004.jpg 533w, https:\/\/cdu-kempen.de\/wp-content\/uploads\/2012\/08\/Floriade-004-326x245.jpg 326w\" sizes=\"(max-width: 192px) 100vw, 192px\" \/><\/a>\u00a0<a href=\"http:\/\/cdu-kempen.de\/wp-content\/uploads\/2012\/08\/Floriade-005.jpg\"><img loading=\"lazy\" decoding=\"async\" class=\"alignnone  wp-image-4068\" title=\"Floriade 005\" src=\"http:\/\/cdu-kempen.de\/wp-content\/uploads\/2012\/08\/Floriade-005.jpg\" alt=\"\" width=\"192\" height=\"144\" srcset=\"https:\/\/cdu-kempen.de\/wp-content\/uploads\/2012\/08\/Floriade-005.jpg 533w, https:\/\/cdu-kempen.de\/wp-content\/uploads\/2012\/08\/Floriade-005-326x245.jpg 326w\" sizes=\"(max-width: 192px) 100vw, 192px\" \/><\/a>\u00a0<a href=\"http:\/\/cdu-kempen.de\/wp-content\/uploads\/2012\/08\/Floriade-006.jpg\"><img loading=\"lazy\" decoding=\"async\" class=\"alignnone  wp-image-4069\" title=\"Floriade 006\" src=\"http:\/\/cdu-kempen.de\/wp-content\/uploads\/2012\/08\/Floriade-006.jpg\" alt=\"\" width=\"192\" height=\"144\" srcset=\"https:\/\/cdu-kempen.de\/wp-content\/uploads\/2012\/08\/Floriade-006.jpg 533w, https:\/\/cdu-kempen.de\/wp-content\/uploads\/2012\/08\/Floriade-006-326x245.jpg 326w\" sizes=\"(max-width: 192px) 100vw, 192px\" \/><\/a><\/p>\n","protected":false},"excerpt":{"rendered":"<p>Zu einem Tagesausflug hatte die CDU Kempen Mitglieder und Freunde eingeladen. Die CDU-Vorsitzende Eva Theuerkauf\u00a0 und der CDU-Fraktionsvorsitzende Wilfried Bogedain\u00a0 hatten\u00a0 zu diesem Anlass\u00a0 einen Bus zur gr\u00f6\u00dften Weltgartenausstellung\u00a0 mit \u00fcber 100 Gartenanlagen nach Venlo organisiert. Die Reisegruppe von knapp 40 interessierten Besuchern wurde zu Beginn in zwei Gruppen geteilt und in einer zweist\u00fcndigen F\u00fchrung [&hellip;]<\/p>\n","protected":false},"author":5,"featured_media":0,"comment_status":"closed","ping_status":"closed","sticky":false,"template":"","format":"standard","meta":{"_et_pb_use_builder":"","_et_pb_old_content":"","_et_gb_content_width":"","footnotes":""},"categories":[4],"tags":[],"class_list":["post-4070","post","type-post","status-publish","format-standard","hentry","category-allgemeines"],"_links":{"self":[{"href":"https:\/\/cdu-kempen.de\/index.php\/wp-json\/wp\/v2\/posts\/4070"}],"collection":[{"href":"https:\/\/cdu-kempen.de\/index.php\/wp-json\/wp\/v2\/posts"}],"about":[{"href":"https:\/\/cdu-kempen.de\/index.php\/wp-json\/wp\/v2\/types\/post"}],"author":[{"embeddable":true,"href":"https:\/\/cdu-kempen.de\/index.php\/wp-json\/wp\/v2\/users\/5"}],"replies":[{"embeddable":true,"href":"https:\/\/cdu-kempen.de\/index.php\/wp-json\/wp\/v2\/comments?post=4070"}],"version-history":[{"count":0,"href":"https:\/\/cdu-kempen.de\/index.php\/wp-json\/wp\/v2\/posts\/4070\/revisions"}],"wp:attachment":[{"href":"https:\/\/cdu-kempen.de\/index.php\/wp-json\/wp\/v2\/media?parent=4070"}],"wp:term":[{"taxonomy":"category","embeddable":true,"href":"https:\/\/cdu-kempen.de\/index.php\/wp-json\/wp\/v2\/categories?post=4070"},{"taxonomy":"post_tag","embeddable":true,"href":"https:\/\/cdu-kempen.de\/index.php\/wp-json\/wp\/v2\/tags?post=4070"}],"curies":[{"name":"wp","href":"https:\/\/api.w.org\/{rel}","templated":true}]}}