{"id":4196,"date":"2012-12-11T09:49:33","date_gmt":"2012-12-11T08:49:33","guid":{"rendered":"http:\/\/www.cdu-kempen.de\/?p=4196"},"modified":"2012-12-11T09:49:33","modified_gmt":"2012-12-11T08:49:33","slug":"bericht-zum-25-bundesparteitag-in-hannover","status":"publish","type":"post","link":"https:\/\/cdu-kempen.de\/index.php\/bericht-zum-25-bundesparteitag-in-hannover\/","title":{"rendered":"Bericht zum 25. Bundesparteitag in Hannover"},"content":{"rendered":"<p>Liebe Parteifreunde und Parteifreundinnen,<\/p>\n<p>wie auch bereits zu den vorangegangenen Parteitagen m\u00f6chte ich Ihnen heute wieder abseits der bereits fast synchronen Berichterstattung seitens der Medien meinen pers\u00f6nlichen Bericht zum Bundesparteitag schreiben.<\/p>\n<p>Dass es sich angesichts der Bundestagswahl im kommenden Jahr um eine &#8222;Kr\u00f6nungsmesse&#8220; handeln w\u00fcrde, wurde offen angesprochen und war den anwesenden Teilnehmern bewusst. Und trotzdem gilt auch hier am Ende des Tages: Gelingt es, die Delegierten mitzunehmen? Springt der Funke \u00fcber? <\/p>\n<p>Einen fulminanten Einstieg lieferte hierzu direkt zu Beginn der amtierende Ministerpr\u00e4sident von Niedersachsen David Mc Allister. In seinen einleitenden Worten als Gastgeber des Bundesparteitages stellte er seine rhetorischen Qualit\u00e4ten erneut unter Beweis und bewies mit Sachkenntnis und mitrei\u00dfenden Textpassagen einmal mehr seine F\u00fchrungskompetenz. <\/p>\n<p>Unbestritten hatte er die versammelten tausend Delegierten als gef\u00fchlte Wahlkampfhelfer in einem hoffentlich erfolgreichen Wahlkampf auf seiner Seite.<\/p>\n<p>Nicht wenige der Anwesenden sehen in ihm einen potentiellen Nachfolger in ferner Zukunft in einer \u201enachmerkelschen\u201c Zeit. <\/p>\n<p>Dieser Bundesparteitag in Hannover jedoch geh\u00f6rte Dr. Angela Merkel und ihrer unbestrittenen geleisteten Erfolgsbilanz. Die Tugenden Flei\u00df, Ausdauer, Wissen, Beharrlichkeit und Best\u00e4ndigkeit haben in der Summe Frau Dr. Merkel als Vorsitzende der CDU und als deutsche Kanzlerin in der Gunst der Bev\u00f6lkerung auf Platz Eins positioniert. <\/p>\n<p>Ihre mit Spannung erwartete Rede erf\u00fcllte erneut alle Erwartungen in h\u00f6chstem Ma\u00dfe. Eine Erfolgsbilanz auf breiter Ebene. Wer Gutes tut, darf und soll dar\u00fcber reden. <\/p>\n<p>\u201cDie CDU-gef\u00fchrte christlich-liberale Bundesregierung ist die erfolgreichste Bundesregierung seit der Wiedervereinigung, weil wir den tiefsten Stand der Arbeitslosigkeit seit 1990 und den h\u00f6chsten Stand der Erwerbst\u00e4tigkeit, den wir jemals hatten,&#8230;, geschaffen haben\u201d so Frau Dr. Merkel. <\/p>\n<p>Diese Erfolgsbilanz wurde mit einer fulminanten Wiederwahl zur Vorsitzenden mit einem Traumergebnis von 97,94 % belohnt.<\/p>\n<p>Wie \u00e4usserte sich Herr Seehofer tags darauf: Kubanische Verh\u00e4ltnisse&#8230; Und stellte bedauernd fest, dass dieses Ergebnis selbst in Bayern auch nach langem Nachdenken wohl bisher nicht erreicht worden ist. <\/p>\n<p>Ich m\u00f6chte in der Nachlese nicht mit Zahlen, Antr\u00e4gen und Nachrichten, welche Sie der t\u00e4glichen Presse schon entnehmen konnten,  nochmals aufwarten. Deshalb anbei einige pers\u00f6nliche Randinformationen: <\/p>\n<p>1001 Delegierte waren in Hannover vor Ort, davon 299 Vertreter aus NRW, das ist dann schon der L\u00f6wenanteil. <\/p>\n<p>Die Anzahl der Delegierten errechnet sich aus den jeweiligen Mitgliederzahlen und dem Zweistimmenergebnis der letzten Bundestagswahl. 301 Delegierte h\u00e4tten es sein d\u00fcrfen, davon 247 aus der Mitgliederzahl und 54 aus dem Zweitstimmerergebnis der Bundestagswahl 2009. Diese 54 werden auf dem Landesparteitag alle zwei Jahre nominiert. Die restlichen 247 werden auf die Kreisverb\u00e4nde verteilt und von dort aus auch gew\u00e4hlt. Remscheid hat leider 0 Delegierte, 11 schickt dagegen der Rhein-Sieg-Kreis. <\/p>\n<p>Der Kreis Viersen wurde durch Uwe Schummer, Dr. Marcus Optendrenk, Stefan Berger, Luise Fruhen, Eva Theuerkauf sowie B\u00fclent Arslan auf Landesticket vertreten.  Also schon eine sehr gute Pr\u00e4senz. <\/p>\n<p>Damit mit den Zahlen noch kein Ende: <\/p>\n<p>Die Sammlung der Antr\u00e4ge und Empfehlungen betrug in gebundener Form 294 Seiten, dazu kamen Initiativantr\u00e4ge und Berichte in ebenfalls beachtlichem Umfang. Den damit verbundenen Arbeits- und Zeitaufwand kann man nun vielleicht etwas besser einordnen.<\/p>\n<p>Die Ernsthaftigkeit, mit der um jeden Beschluss, gerade aber auch zum Ehegattensplitting und zur besseren Anerkennung von Kindererziehungszeiten in der Rente, gerungen wurde, ist eine Auszeichnung f\u00fcr unsere parlamentarische Demokratie. <\/p>\n<p>Als Fazit zu diesen drei Tagen m\u00f6chte ich aus meiner Sicht wie folgt schlie\u00dfen: Dieser Parteitag war in seiner Form angemessen und w\u00fcrdevoll. Meiner Meinung nach ist es in Zeiten wie diesen angebracht, sachlich und verl\u00e4sslich zu arbeiten, die Tugenden einer weltweit anerkannten Kanzlerin zu \u00fcbernehmen und die amerikanischen Wahlpartys anderen zu \u00fcberlassen. <\/p>\n<p>In diesem Sinne,<\/p>\n<p>Ihre <\/p>\n<p>Eva Theuerkauf<\/p>\n","protected":false},"excerpt":{"rendered":"<p>Liebe Parteifreunde und Parteifreundinnen, wie auch bereits zu den vorangegangenen Parteitagen m\u00f6chte ich Ihnen heute wieder abseits der bereits fast synchronen Berichterstattung seitens der Medien meinen pers\u00f6nlichen Bericht zum Bundesparteitag schreiben. Dass es sich angesichts der Bundestagswahl im kommenden Jahr um eine &#8222;Kr\u00f6nungsmesse&#8220; handeln w\u00fcrde, wurde offen angesprochen und war den anwesenden Teilnehmern bewusst. Und [&hellip;]<\/p>\n","protected":false},"author":5,"featured_media":0,"comment_status":"closed","ping_status":"closed","sticky":false,"template":"","format":"standard","meta":{"_et_pb_use_builder":"","_et_pb_old_content":"","_et_gb_content_width":"","footnotes":""},"categories":[4],"tags":[],"class_list":["post-4196","post","type-post","status-publish","format-standard","hentry","category-allgemeines"],"_links":{"self":[{"href":"https:\/\/cdu-kempen.de\/index.php\/wp-json\/wp\/v2\/posts\/4196"}],"collection":[{"href":"https:\/\/cdu-kempen.de\/index.php\/wp-json\/wp\/v2\/posts"}],"about":[{"href":"https:\/\/cdu-kempen.de\/index.php\/wp-json\/wp\/v2\/types\/post"}],"author":[{"embeddable":true,"href":"https:\/\/cdu-kempen.de\/index.php\/wp-json\/wp\/v2\/users\/5"}],"replies":[{"embeddable":true,"href":"https:\/\/cdu-kempen.de\/index.php\/wp-json\/wp\/v2\/comments?post=4196"}],"version-history":[{"count":0,"href":"https:\/\/cdu-kempen.de\/index.php\/wp-json\/wp\/v2\/posts\/4196\/revisions"}],"wp:attachment":[{"href":"https:\/\/cdu-kempen.de\/index.php\/wp-json\/wp\/v2\/media?parent=4196"}],"wp:term":[{"taxonomy":"category","embeddable":true,"href":"https:\/\/cdu-kempen.de\/index.php\/wp-json\/wp\/v2\/categories?post=4196"},{"taxonomy":"post_tag","embeddable":true,"href":"https:\/\/cdu-kempen.de\/index.php\/wp-json\/wp\/v2\/tags?post=4196"}],"curies":[{"name":"wp","href":"https:\/\/api.w.org\/{rel}","templated":true}]}}