{"id":4279,"date":"2013-01-28T10:00:30","date_gmt":"2013-01-28T09:00:30","guid":{"rendered":"http:\/\/www.cdu-kempen.de\/?p=4279"},"modified":"2013-01-28T10:00:30","modified_gmt":"2013-01-28T09:00:30","slug":"neustart-der-kempener-frauenunion","status":"publish","type":"post","link":"https:\/\/cdu-kempen.de\/index.php\/neustart-der-kempener-frauenunion\/","title":{"rendered":"Neustart der Kempener Frauen Union"},"content":{"rendered":"<p>Am 22. Januar 2013 fand die Mitgliederversammlung der Frauen Union Kempen im Hospital zum Heiligen Geist statt. Der Gesch\u00e4ftsf\u00fchrer Dr. Clemens Guth und der kaufm\u00e4nnische Leiter Tim Kolwitz informierten die Versammlung \u00fcber die vielen Neuerungen im Hospital.<\/p>\n<p>Anschlie\u00dfend standen Neuwahlen auf der Tagesordnung.<\/p>\n<p>Die Vorsitzende Angelika Thiel-Hedderich, trat nicht mehr zur Wiederwahl an. Als neue Vorsitzende wurde Heike H\u00f6ltken gew\u00e4hlt. Stellvertreterin ist Ellen Matoni, Schriftf\u00fchrerin Steffi Beyss.<\/p>\n<p>Beisitzer sind: Claudia von den Driesch, Jaqueline Hermes, Susanne Kranzusch, Marlene Lingen, Hilde Platen und Ingrid Wallat. Die Zusammensetzung des neuen Vorstands der Kempener Frauen Union mit weiteren Details finden Sie <a href=\"http:\/\/www.cdu-kempen.de\/organisation\/vereinigungen\/frauen-union-kempen\" target=\"_blank\">hier<\/a>.<\/p>\n<p>Nach 27 Jahren im Amt der Vorsitzenden der Frauen Union Kempen wurde Angelika Thiel-Hedderich\u00a0zur <a href=\"http:\/\/cdu-kempen.de\/wp-content\/uploads\/2013\/01\/Urkunde_ATH.pdf\" target=\"_blank\">Ehrenvorsitzenden <\/a>ernannt.<\/p>\n<div><a href=\"http:\/\/cdu-kempen.de\/wp-content\/uploads\/2013\/01\/FU-001.jpg\"><img loading=\"lazy\" decoding=\"async\" class=\"alignnone  wp-image-4274\" title=\"FU 001\" src=\"http:\/\/cdu-kempen.de\/wp-content\/uploads\/2013\/01\/FU-001.jpg\" alt=\"\" width=\"192\" height=\"144\" srcset=\"https:\/\/cdu-kempen.de\/wp-content\/uploads\/2013\/01\/FU-001.jpg 533w, https:\/\/cdu-kempen.de\/wp-content\/uploads\/2013\/01\/FU-001-326x245.jpg 326w\" sizes=\"(max-width: 192px) 100vw, 192px\" \/><\/a>\u00a0<a href=\"http:\/\/cdu-kempen.de\/wp-content\/uploads\/2013\/01\/FU-002.jpg\"><img loading=\"lazy\" decoding=\"async\" class=\"alignnone  wp-image-4275\" title=\"FU 002\" src=\"http:\/\/cdu-kempen.de\/wp-content\/uploads\/2013\/01\/FU-002.jpg\" alt=\"\" width=\"192\" height=\"144\" srcset=\"https:\/\/cdu-kempen.de\/wp-content\/uploads\/2013\/01\/FU-002.jpg 533w, https:\/\/cdu-kempen.de\/wp-content\/uploads\/2013\/01\/FU-002-326x245.jpg 326w\" sizes=\"(max-width: 192px) 100vw, 192px\" \/><\/a><\/div>\n<p><a href=\"http:\/\/cdu-kempen.de\/wp-content\/uploads\/2013\/01\/FU-003.jpg\"><img loading=\"lazy\" decoding=\"async\" class=\"alignnone  wp-image-4276\" title=\"FU 003\" src=\"http:\/\/cdu-kempen.de\/wp-content\/uploads\/2013\/01\/FU-003.jpg\" alt=\"\" width=\"192\" height=\"144\" srcset=\"https:\/\/cdu-kempen.de\/wp-content\/uploads\/2013\/01\/FU-003.jpg 533w, https:\/\/cdu-kempen.de\/wp-content\/uploads\/2013\/01\/FU-003-326x245.jpg 326w\" sizes=\"(max-width: 192px) 100vw, 192px\" \/><\/a>\u00a0<a href=\"http:\/\/cdu-kempen.de\/wp-content\/uploads\/2013\/01\/FU-004.jpg\"><img loading=\"lazy\" decoding=\"async\" class=\"alignnone  wp-image-4277\" title=\"FU 004\" src=\"http:\/\/cdu-kempen.de\/wp-content\/uploads\/2013\/01\/FU-004.jpg\" alt=\"\" width=\"192\" height=\"144\" srcset=\"https:\/\/cdu-kempen.de\/wp-content\/uploads\/2013\/01\/FU-004.jpg 533w, https:\/\/cdu-kempen.de\/wp-content\/uploads\/2013\/01\/FU-004-326x245.jpg 326w\" sizes=\"(max-width: 192px) 100vw, 192px\" \/><\/a><\/p>\n","protected":false},"excerpt":{"rendered":"<p>Am 22. Januar 2013 fand die Mitgliederversammlung der Frauen Union Kempen im Hospital zum Heiligen Geist statt. Der Gesch\u00e4ftsf\u00fchrer Dr. Clemens Guth und der kaufm\u00e4nnische Leiter Tim Kolwitz informierten die Versammlung \u00fcber die vielen Neuerungen im Hospital. Anschlie\u00dfend standen Neuwahlen auf der Tagesordnung. Die Vorsitzende Angelika Thiel-Hedderich, trat nicht mehr zur Wiederwahl an. Als neue [&hellip;]<\/p>\n","protected":false},"author":5,"featured_media":0,"comment_status":"closed","ping_status":"closed","sticky":false,"template":"","format":"standard","meta":{"_et_pb_use_builder":"","_et_pb_old_content":"","_et_gb_content_width":"","footnotes":""},"categories":[5],"tags":[],"class_list":["post-4279","post","type-post","status-publish","format-standard","hentry","category-aktuelles"],"_links":{"self":[{"href":"https:\/\/cdu-kempen.de\/index.php\/wp-json\/wp\/v2\/posts\/4279"}],"collection":[{"href":"https:\/\/cdu-kempen.de\/index.php\/wp-json\/wp\/v2\/posts"}],"about":[{"href":"https:\/\/cdu-kempen.de\/index.php\/wp-json\/wp\/v2\/types\/post"}],"author":[{"embeddable":true,"href":"https:\/\/cdu-kempen.de\/index.php\/wp-json\/wp\/v2\/users\/5"}],"replies":[{"embeddable":true,"href":"https:\/\/cdu-kempen.de\/index.php\/wp-json\/wp\/v2\/comments?post=4279"}],"version-history":[{"count":0,"href":"https:\/\/cdu-kempen.de\/index.php\/wp-json\/wp\/v2\/posts\/4279\/revisions"}],"wp:attachment":[{"href":"https:\/\/cdu-kempen.de\/index.php\/wp-json\/wp\/v2\/media?parent=4279"}],"wp:term":[{"taxonomy":"category","embeddable":true,"href":"https:\/\/cdu-kempen.de\/index.php\/wp-json\/wp\/v2\/categories?post=4279"},{"taxonomy":"post_tag","embeddable":true,"href":"https:\/\/cdu-kempen.de\/index.php\/wp-json\/wp\/v2\/tags?post=4279"}],"curies":[{"name":"wp","href":"https:\/\/api.w.org\/{rel}","templated":true}]}}