{"id":4336,"date":"2013-02-03T14:18:12","date_gmt":"2013-02-03T13:18:12","guid":{"rendered":"http:\/\/www.cdu-kempen.de\/?p=4336"},"modified":"2013-02-03T14:18:12","modified_gmt":"2013-02-03T13:18:12","slug":"cdu-kempen-will-gerechtere-kita-elternbeitrage","status":"publish","type":"post","link":"https:\/\/cdu-kempen.de\/index.php\/cdu-kempen-will-gerechtere-kita-elternbeitrage\/","title":{"rendered":"CDU Kempen will gerechtere KiTa-Elternbeitr\u00e4ge"},"content":{"rendered":"<p>Die CDU Kempen hat einen Antrag eingebracht, die Elternbeitr\u00e4ge f\u00fcr Kindertageseinrichtungen, f\u00fcr die Kindertagespflege und f\u00fcr Offene Ganztagesschulen grundlegend zu reformieren.<\/p>\n<p>Wir wollen eine h\u00f6here Beitragsgerechtigkeit und Sozialvertr\u00e4glichkeit, die sich nur durch die Koppelung der Betr\u00e4ge an die tats\u00e4chliche wirtschaftliche Leistungsf\u00e4higkeit der Eltern und Sorgeberechtigten erreichen l\u00e4sst.<\/p>\n<p>Wir haben festgestellt, dass die Beitragskultur im Kreisgebiet -und noch deutlicher im regionalen Vergleich- au\u00dferordentlich heterogen ist. Weder in der Festlegung der Einkommensstufen, auf die die Elternbeitr\u00e4ge basieren, noch in der H\u00f6he der Elternbeitr\u00e4ge lassen sich nachvollziehbare Grundlagen oder \u201eein roter Faden\u201c erkennen. Die Bemessungs- und Beitragsh\u00f6hen scheinen in allen uns vorliegenden Tabellen \u00fcberholt und auf alte Vorgaben des GTK (Gesetz f\u00fcr Tageseinrichtungen f\u00fcr Kinder, g\u00fcltig bis 31.12.2007) zur\u00fcckzuf\u00fchren zu sein.<\/p>\n<p>Derzeit berechnen sich die Elternbeitr\u00e4ge nach sechs Einkommensstufen.<\/p>\n<p>Beispielhaft sei die Einkommensstufe von \u20ac 26.001,00 bis \u20ac 39.000,00 genannt, die eine gleich hohe Beitragsh\u00f6he ausl\u00f6st. Ein Jahreseinkommen von \u20ac 39.000,00\u00a0l\u00e4sst aus sozialer und wirtschaftlicher Sichtweise keine Vergleichbarkeit mit einem Jahreseinkommen von \u20ac 26.001,00 zu. Die Leistungsf\u00e4higkeit der Eltern ist deutlich anders zu bewerten, wenn monatlich mehr als \u20ac 1.000,00 mehr zur Verf\u00fcgung stehen, als zu Beginn der Einkommensstufe. Das gleiche gilt auch in der Folgeeinstufung von \u20ac 39.001,00\u00a0bis \u20ac 52.000,00.<\/p>\n<p>Ziel unseres Antrags ist die Herbeif\u00fchrung einer erkennbar und nachvollziehbar h\u00f6heren Beitragsgerechtigkeit und einer Sozialvertr\u00e4glichkeit zwischen Beitragsh\u00f6he und Eink\u00fcnften.<\/p>\n<p>Ziel unseres Antrags ist es auch, die Beitragsbemessung zu verschlanken und den in der jetzigen Bemessungstabelle erkennbaren \u201eMittelbauch\u201c abzubauen.<\/p>\n<p>Aus diesem Grund sieht die von uns eingebrachte Beitragsstaffelung eine v\u00f6llige Beitragsfreiheit bei Jahreseinkommen unter \u20ac 20.000,00\u00a0(jetzt \u20ac 16.000,00) und ab \u20ac 20.000,00 eine engmaschige Einkommensstaffel in Spr\u00fcngen von \u20ac 5.000,00 mit einer durchg\u00e4ngigen linearen Erh\u00f6hung der Beitr\u00e4ge vor.<\/p>\n<p>Dies wird dazu f\u00fchren, dass viele Eltern, die jetzt im unteren Einkommensbereich der jeweiligen Einkommensstufen liegen, entlastet werden.<\/p>\n<p>Nach der derzeitigen Beitragsstaffel sind bei einem Jahreseinkommen von \u00fcber \u20ac 75.000,00 bereits H\u00f6chstbetr\u00e4ge zu zahlen.<\/p>\n<p>Der von uns eingebrachte Entwurf sieht mehr als 20 Einkommensstufen in Spr\u00fcngen von \u20ac 5.000,00 vor, d.h. auch \u00fcber \u20ac 75.000,00 soll es nach unserer Auffassung weitere Stufen geben.<\/p>\n<p>Die jetzigen h\u00f6chsten Elternbeitr\u00e4ge werden in unserem Entwurf aber erst bei einem Einkommen von etwa \u20ac 90.000,00 erreicht, allerdings werden die Eltern mit einem noch h\u00f6herem Einkommen k\u00fcnftig h\u00f6her belastet, hier allerdings auch nur schrittweise bis zu einer Einkommensstufe von \u20ac 125.000,00.<\/p>\n<p>Wir gehen nach ersten Berechnungen davon aus, dass die \u00c4nderung der Beitragsstaffel kostenneutral ist und sich durch eine erkennbare Beitragsgerechtigkeit auszeichnet.<\/p>\n<p>An der Geschwisterkindregelung, d. h. Beitragsfreiheit f\u00fcr Geschwisterkinder, h\u00e4lt die CDU-Fraktion fest.<\/p>\n<p>Wir treten daf\u00fcr ein, dass die \u00c4nderungen bereits zum neuen Kindergartenjahr am 01.08.2013 in Kraft treten k\u00f6nnen.<\/p>\n","protected":false},"excerpt":{"rendered":"<p>Die CDU Kempen hat einen Antrag eingebracht, die Elternbeitr\u00e4ge f\u00fcr Kindertageseinrichtungen, f\u00fcr die Kindertagespflege und f\u00fcr Offene Ganztagesschulen grundlegend zu reformieren. Wir wollen eine h\u00f6here Beitragsgerechtigkeit und Sozialvertr\u00e4glichkeit, die sich nur durch die Koppelung der Betr\u00e4ge an die tats\u00e4chliche wirtschaftliche Leistungsf\u00e4higkeit der Eltern und Sorgeberechtigten erreichen l\u00e4sst. Wir haben festgestellt, dass die Beitragskultur im Kreisgebiet [&hellip;]<\/p>\n","protected":false},"author":5,"featured_media":0,"comment_status":"closed","ping_status":"closed","sticky":false,"template":"","format":"standard","meta":{"_et_pb_use_builder":"","_et_pb_old_content":"","_et_gb_content_width":"","footnotes":""},"categories":[5],"tags":[],"class_list":["post-4336","post","type-post","status-publish","format-standard","hentry","category-aktuelles"],"_links":{"self":[{"href":"https:\/\/cdu-kempen.de\/index.php\/wp-json\/wp\/v2\/posts\/4336"}],"collection":[{"href":"https:\/\/cdu-kempen.de\/index.php\/wp-json\/wp\/v2\/posts"}],"about":[{"href":"https:\/\/cdu-kempen.de\/index.php\/wp-json\/wp\/v2\/types\/post"}],"author":[{"embeddable":true,"href":"https:\/\/cdu-kempen.de\/index.php\/wp-json\/wp\/v2\/users\/5"}],"replies":[{"embeddable":true,"href":"https:\/\/cdu-kempen.de\/index.php\/wp-json\/wp\/v2\/comments?post=4336"}],"version-history":[{"count":0,"href":"https:\/\/cdu-kempen.de\/index.php\/wp-json\/wp\/v2\/posts\/4336\/revisions"}],"wp:attachment":[{"href":"https:\/\/cdu-kempen.de\/index.php\/wp-json\/wp\/v2\/media?parent=4336"}],"wp:term":[{"taxonomy":"category","embeddable":true,"href":"https:\/\/cdu-kempen.de\/index.php\/wp-json\/wp\/v2\/categories?post=4336"},{"taxonomy":"post_tag","embeddable":true,"href":"https:\/\/cdu-kempen.de\/index.php\/wp-json\/wp\/v2\/tags?post=4336"}],"curies":[{"name":"wp","href":"https:\/\/api.w.org\/{rel}","templated":true}]}}