{"id":4455,"date":"2013-04-03T07:17:03","date_gmt":"2013-04-03T06:17:03","guid":{"rendered":"http:\/\/www.cdu-kempen.de\/?p=4455"},"modified":"2013-04-03T07:17:03","modified_gmt":"2013-04-03T06:17:03","slug":"neuwahlen-in-tonisberg","status":"publish","type":"post","link":"https:\/\/cdu-kempen.de\/index.php\/neuwahlen-in-tonisberg\/","title":{"rendered":"Neuwahlen in T\u00f6nisberg"},"content":{"rendered":"<p>Der CDU Ortsausschuss\u00a0 T\u00f6nisberg hat sich sicht verj\u00fcngt.<\/p>\n<p>In der gut besuchten Mitgliederversammlung der CDU in T\u00f6nisberg wurde mit 100%iger Zustimmung eine junge Parteispitze gew\u00e4hlt.<\/p>\n<p>Vorsitzender wurde Christoph Littmanns (29), sein\u00a0Stellvertreter\u00a0 ist Michael R\u00f6gels (24). Beisitzer sind Karl R\u00f6gels, Rita Ulschmidt und Lutz Weynans.<\/p>\n<p>Als Gast referierte MdL Dr.Marcus Optendrenk \u00fcber aktuelle Landespolitik.<\/p>\n<p><a href=\"http:\/\/cdu-kempen.de\/wp-content\/uploads\/2013\/04\/2013.03.21-02.jpg\"><img loading=\"lazy\" decoding=\"async\" class=\"alignnone  wp-image-4452\" title=\"OAS T\u00f6nisberg\" src=\"http:\/\/cdu-kempen.de\/wp-content\/uploads\/2013\/04\/2013.03.21-02.jpg\" alt=\"\" width=\"192\" height=\"144\" srcset=\"https:\/\/cdu-kempen.de\/wp-content\/uploads\/2013\/04\/2013.03.21-02.jpg 533w, https:\/\/cdu-kempen.de\/wp-content\/uploads\/2013\/04\/2013.03.21-02-326x245.jpg 326w\" sizes=\"(max-width: 192px) 100vw, 192px\" \/><\/a>\u00a0<a href=\"http:\/\/cdu-kempen.de\/wp-content\/uploads\/2013\/04\/2013.03.21-04.jpg\"><img loading=\"lazy\" decoding=\"async\" class=\"alignnone  wp-image-4454\" title=\"OAS T\u00f6nisberg\" src=\"http:\/\/cdu-kempen.de\/wp-content\/uploads\/2013\/04\/2013.03.21-04.jpg\" alt=\"\" width=\"192\" height=\"144\" srcset=\"https:\/\/cdu-kempen.de\/wp-content\/uploads\/2013\/04\/2013.03.21-04.jpg 533w, https:\/\/cdu-kempen.de\/wp-content\/uploads\/2013\/04\/2013.03.21-04-326x245.jpg 326w\" sizes=\"(max-width: 192px) 100vw, 192px\" \/><\/a><\/p>\n","protected":false},"excerpt":{"rendered":"<p>Der CDU Ortsausschuss\u00a0 T\u00f6nisberg hat sich sicht verj\u00fcngt. In der gut besuchten Mitgliederversammlung der CDU in T\u00f6nisberg wurde mit 100%iger Zustimmung eine junge Parteispitze gew\u00e4hlt. Vorsitzender wurde Christoph Littmanns (29), sein\u00a0Stellvertreter\u00a0 ist Michael R\u00f6gels (24). Beisitzer sind Karl R\u00f6gels, Rita Ulschmidt und Lutz Weynans. Als Gast referierte MdL Dr.Marcus Optendrenk \u00fcber aktuelle Landespolitik. \u00a0<\/p>\n","protected":false},"author":5,"featured_media":0,"comment_status":"closed","ping_status":"closed","sticky":false,"template":"","format":"standard","meta":{"_et_pb_use_builder":"","_et_pb_old_content":"","_et_gb_content_width":"","footnotes":""},"categories":[5],"tags":[],"class_list":["post-4455","post","type-post","status-publish","format-standard","hentry","category-aktuelles"],"_links":{"self":[{"href":"https:\/\/cdu-kempen.de\/index.php\/wp-json\/wp\/v2\/posts\/4455"}],"collection":[{"href":"https:\/\/cdu-kempen.de\/index.php\/wp-json\/wp\/v2\/posts"}],"about":[{"href":"https:\/\/cdu-kempen.de\/index.php\/wp-json\/wp\/v2\/types\/post"}],"author":[{"embeddable":true,"href":"https:\/\/cdu-kempen.de\/index.php\/wp-json\/wp\/v2\/users\/5"}],"replies":[{"embeddable":true,"href":"https:\/\/cdu-kempen.de\/index.php\/wp-json\/wp\/v2\/comments?post=4455"}],"version-history":[{"count":0,"href":"https:\/\/cdu-kempen.de\/index.php\/wp-json\/wp\/v2\/posts\/4455\/revisions"}],"wp:attachment":[{"href":"https:\/\/cdu-kempen.de\/index.php\/wp-json\/wp\/v2\/media?parent=4455"}],"wp:term":[{"taxonomy":"category","embeddable":true,"href":"https:\/\/cdu-kempen.de\/index.php\/wp-json\/wp\/v2\/categories?post=4455"},{"taxonomy":"post_tag","embeddable":true,"href":"https:\/\/cdu-kempen.de\/index.php\/wp-json\/wp\/v2\/tags?post=4455"}],"curies":[{"name":"wp","href":"https:\/\/api.w.org\/{rel}","templated":true}]}}