{"id":4472,"date":"2013-04-09T09:43:20","date_gmt":"2013-04-09T08:43:20","guid":{"rendered":"http:\/\/www.cdu-kempen.de\/?p=4472"},"modified":"2013-04-09T09:43:20","modified_gmt":"2013-04-09T08:43:20","slug":"neuwahlen-in-st-hubert","status":"publish","type":"post","link":"https:\/\/cdu-kempen.de\/index.php\/neuwahlen-in-st-hubert\/","title":{"rendered":"Neuwahlen in St. Hubert"},"content":{"rendered":"<p>Mitgliederversammlung in St.Hubert<\/p>\n<p>Im Ortsausschuss St.Hubert wurde gew\u00e4hlt. Martin Kujawa stellte sich nach 20 Jahren aus beruflichen und Angelika Loy aus pers\u00f6nlichen Gr\u00fcnden nicht mehr zur Wahl.<\/p>\n<p>Neue Vorsitzende ist Martina Smeets, ihr Vertreter bleibt Andre Wolters. Karin Drabben \u00fcbernimmt das Amt der Schriftf\u00fchrerin von Frau Smeets und als Beisitzer wurden Franz-Josef Becker, Hans-Gerd Boves, Christian Drabben, Simon Hoogen und Martin Kujawa gew\u00e4hlt.<\/p>\n<p>Als letzte Amtshandlung ehrte Herr Kujawa die Herren Hans-Joachim Anders, Konrad Velroyen, Norbert Lemke und Hans-Peter van der Bloemen f\u00fcr ihre 25 j\u00e4hrige Mitgliedschaft in der CDU und wurde anschlie\u00dfend von Andre Wolters ebenfalls daf\u00fcr geehrt.<\/p>\n<p>Den Abschluss der Veranstaltung bildete ein Referat des Dezernenten f\u00fcr Jugend, Soziales Schule und Sport der Stadt Kempen, Michael Klee \u00fcber den \u201eLebensraum St.Hubert\u201c.<\/p>\n<p>Der ganze Vorstand im Detail &#8230; <a href=\"http:\/\/www.cdu-kempen.de\/organisation\/ortsausschusse-in-kempen\/ortsausschuss-st-hubert\" target=\"_blank\">KLICK<\/a>!<\/p>\n","protected":false},"excerpt":{"rendered":"<p>Mitgliederversammlung in St.Hubert Im Ortsausschuss St.Hubert wurde gew\u00e4hlt. Martin Kujawa stellte sich nach 20 Jahren aus beruflichen und Angelika Loy aus pers\u00f6nlichen Gr\u00fcnden nicht mehr zur Wahl. Neue Vorsitzende ist Martina Smeets, ihr Vertreter bleibt Andre Wolters. Karin Drabben \u00fcbernimmt das Amt der Schriftf\u00fchrerin von Frau Smeets und als Beisitzer wurden Franz-Josef Becker, Hans-Gerd Boves, [&hellip;]<\/p>\n","protected":false},"author":5,"featured_media":0,"comment_status":"closed","ping_status":"closed","sticky":false,"template":"","format":"standard","meta":{"_et_pb_use_builder":"","_et_pb_old_content":"","_et_gb_content_width":"","footnotes":""},"categories":[5],"tags":[],"class_list":["post-4472","post","type-post","status-publish","format-standard","hentry","category-aktuelles"],"_links":{"self":[{"href":"https:\/\/cdu-kempen.de\/index.php\/wp-json\/wp\/v2\/posts\/4472"}],"collection":[{"href":"https:\/\/cdu-kempen.de\/index.php\/wp-json\/wp\/v2\/posts"}],"about":[{"href":"https:\/\/cdu-kempen.de\/index.php\/wp-json\/wp\/v2\/types\/post"}],"author":[{"embeddable":true,"href":"https:\/\/cdu-kempen.de\/index.php\/wp-json\/wp\/v2\/users\/5"}],"replies":[{"embeddable":true,"href":"https:\/\/cdu-kempen.de\/index.php\/wp-json\/wp\/v2\/comments?post=4472"}],"version-history":[{"count":0,"href":"https:\/\/cdu-kempen.de\/index.php\/wp-json\/wp\/v2\/posts\/4472\/revisions"}],"wp:attachment":[{"href":"https:\/\/cdu-kempen.de\/index.php\/wp-json\/wp\/v2\/media?parent=4472"}],"wp:term":[{"taxonomy":"category","embeddable":true,"href":"https:\/\/cdu-kempen.de\/index.php\/wp-json\/wp\/v2\/categories?post=4472"},{"taxonomy":"post_tag","embeddable":true,"href":"https:\/\/cdu-kempen.de\/index.php\/wp-json\/wp\/v2\/tags?post=4472"}],"curies":[{"name":"wp","href":"https:\/\/api.w.org\/{rel}","templated":true}]}}