{"id":4542,"date":"2013-06-21T07:04:41","date_gmt":"2013-06-21T06:04:41","guid":{"rendered":"http:\/\/www.cdu-kempen.de\/?p=4542"},"modified":"2013-06-21T07:04:41","modified_gmt":"2013-06-21T06:04:41","slug":"neuauflage-der-kamperlinglegende-in-kempen-sud","status":"publish","type":"post","link":"https:\/\/cdu-kempen.de\/index.php\/neuauflage-der-kamperlinglegende-in-kempen-sud\/","title":{"rendered":"Neuauflage der &#8222;Kamperlinglegende&#8220; in Kempen S\u00fcd"},"content":{"rendered":"<p>Die leider im Laufe der Jahre zerst\u00f6rte Legende zum in der neunziger Jahren vom Ortsausschuss S\u00fcd der Kempener CDU aufgestellte Kamperlingschild konnte Dank Unterst\u00fctzung durch die Stadtwerke Kempen und dem Stadtverband der Kempener CDU am 7.Juni wieder an alter Stelle in neuem Glanze aufgerichtet werden.\u00a0<\/p>\n<p>Es freuten sich (von links nach rechts):<\/p>\n<p>Hans-Willi Schmitz (Gesch\u00e4ftsf\u00fchrer CDU Kempen), Karl-Heinz Omsels (Kreistagsabgeordneter f\u00fcr Kempen), Dr. Jochen Houben (Vorsitzender CDU-Kempen S\u00fcd), Otto Birkmann (Stellvertretender B\u00fcrgermeister), Horst G\u00f6rtz (Schriftf\u00fchrer CDU Kempen S\u00fcd), J\u00fcrgen Klement (Stadtratsmitglied f\u00fcr das Blumenviertel)<\/p>\n","protected":false},"excerpt":{"rendered":"<p>Die leider im Laufe der Jahre zerst\u00f6rte Legende zum in der neunziger Jahren vom Ortsausschuss S\u00fcd der Kempener CDU aufgestellte Kamperlingschild konnte Dank Unterst\u00fctzung durch die Stadtwerke Kempen und dem Stadtverband der Kempener CDU am 7.Juni wieder an alter Stelle in neuem Glanze aufgerichtet werden.\u00a0 Es freuten sich (von links nach rechts): Hans-Willi Schmitz (Gesch\u00e4ftsf\u00fchrer [&hellip;]<\/p>\n","protected":false},"author":5,"featured_media":0,"comment_status":"closed","ping_status":"closed","sticky":false,"template":"","format":"standard","meta":{"_et_pb_use_builder":"","_et_pb_old_content":"","_et_gb_content_width":"","footnotes":""},"categories":[5],"tags":[],"class_list":["post-4542","post","type-post","status-publish","format-standard","hentry","category-aktuelles"],"_links":{"self":[{"href":"https:\/\/cdu-kempen.de\/index.php\/wp-json\/wp\/v2\/posts\/4542"}],"collection":[{"href":"https:\/\/cdu-kempen.de\/index.php\/wp-json\/wp\/v2\/posts"}],"about":[{"href":"https:\/\/cdu-kempen.de\/index.php\/wp-json\/wp\/v2\/types\/post"}],"author":[{"embeddable":true,"href":"https:\/\/cdu-kempen.de\/index.php\/wp-json\/wp\/v2\/users\/5"}],"replies":[{"embeddable":true,"href":"https:\/\/cdu-kempen.de\/index.php\/wp-json\/wp\/v2\/comments?post=4542"}],"version-history":[{"count":0,"href":"https:\/\/cdu-kempen.de\/index.php\/wp-json\/wp\/v2\/posts\/4542\/revisions"}],"wp:attachment":[{"href":"https:\/\/cdu-kempen.de\/index.php\/wp-json\/wp\/v2\/media?parent=4542"}],"wp:term":[{"taxonomy":"category","embeddable":true,"href":"https:\/\/cdu-kempen.de\/index.php\/wp-json\/wp\/v2\/categories?post=4542"},{"taxonomy":"post_tag","embeddable":true,"href":"https:\/\/cdu-kempen.de\/index.php\/wp-json\/wp\/v2\/tags?post=4542"}],"curies":[{"name":"wp","href":"https:\/\/api.w.org\/{rel}","templated":true}]}}