{"id":4630,"date":"2013-09-17T10:34:05","date_gmt":"2013-09-17T09:34:05","guid":{"rendered":"http:\/\/www.cdu-kempen.de\/?p=4630"},"modified":"2013-09-17T10:34:05","modified_gmt":"2013-09-17T09:34:05","slug":"cdu-kempen-sud-trodelmarkt-2013","status":"publish","type":"post","link":"https:\/\/cdu-kempen.de\/index.php\/cdu-kempen-sud-trodelmarkt-2013\/","title":{"rendered":"CDU Kempen-S\u00fcd &#8211; Tr\u00f6delmarkt 2013"},"content":{"rendered":"<p>Wer h\u00e4tte das gedacht?! Morgens beim Weckerklingeln Regen in Str\u00f6men, kein Denken an Tr\u00f6delmarkt und massiv die Bef\u00fcrchtung, dass wie vor zwei Jahren wieder zwei Leute im Friesennerz auf dem Pennyparkplatz stehen, um aufbauwilligen Tr\u00f6dlern beizubringen, dass die ganze Aktion abgeblasen werden muss.<\/p>\n<p>Doch dann &#8230;. 9:15 Uhr &#8230; der Regen f\u00e4ngt an aufzuh\u00f6ren, 10:00 Uhr &#8211; Sonne!!<\/p>\n<p>Mit 60 Tr\u00f6delst\u00e4nden, also mindestens 100 Tr\u00f6dlern, ist die &#8222;gebuchte&#8220; Fl\u00e4che des Pennyparkplatzes voll. Diese 100 und weitere etliche Besucher freuen sich \u00fcber die tolle Stimmung, die leckeren Grillw\u00fcrstchen, k\u00fchle Getr\u00e4nke, Rosen f\u00fcr die Damen, Luftballons f\u00fcr die Kleinen und Berliner f\u00fcr alle &#8211; gestiftet und verteilt von unserem Noch- und Bald-Wieder-Bundestagsabgeordneten Uwe Schummer.<\/p>\n<p>An dieser Stelle vielen Dank allen Teilnehmern und Besuchern, allen Helfern und Helferinnen, und unserem Uwe Schummer viel Erfolg am kommenden Sonntag!!<\/p>\n<p>[nggallery id=9]<\/p>\n","protected":false},"excerpt":{"rendered":"<p>Wer h\u00e4tte das gedacht?! Morgens beim Weckerklingeln Regen in Str\u00f6men, kein Denken an Tr\u00f6delmarkt und massiv die Bef\u00fcrchtung, dass wie vor zwei Jahren wieder zwei Leute im Friesennerz auf dem Pennyparkplatz stehen, um aufbauwilligen Tr\u00f6dlern beizubringen, dass die ganze Aktion abgeblasen werden muss. Doch dann &#8230;. 9:15 Uhr &#8230; der Regen f\u00e4ngt an aufzuh\u00f6ren, 10:00 [&hellip;]<\/p>\n","protected":false},"author":5,"featured_media":0,"comment_status":"closed","ping_status":"closed","sticky":false,"template":"","format":"standard","meta":{"_et_pb_use_builder":"","_et_pb_old_content":"","_et_gb_content_width":"","footnotes":""},"categories":[5],"tags":[],"class_list":["post-4630","post","type-post","status-publish","format-standard","hentry","category-aktuelles"],"_links":{"self":[{"href":"https:\/\/cdu-kempen.de\/index.php\/wp-json\/wp\/v2\/posts\/4630"}],"collection":[{"href":"https:\/\/cdu-kempen.de\/index.php\/wp-json\/wp\/v2\/posts"}],"about":[{"href":"https:\/\/cdu-kempen.de\/index.php\/wp-json\/wp\/v2\/types\/post"}],"author":[{"embeddable":true,"href":"https:\/\/cdu-kempen.de\/index.php\/wp-json\/wp\/v2\/users\/5"}],"replies":[{"embeddable":true,"href":"https:\/\/cdu-kempen.de\/index.php\/wp-json\/wp\/v2\/comments?post=4630"}],"version-history":[{"count":0,"href":"https:\/\/cdu-kempen.de\/index.php\/wp-json\/wp\/v2\/posts\/4630\/revisions"}],"wp:attachment":[{"href":"https:\/\/cdu-kempen.de\/index.php\/wp-json\/wp\/v2\/media?parent=4630"}],"wp:term":[{"taxonomy":"category","embeddable":true,"href":"https:\/\/cdu-kempen.de\/index.php\/wp-json\/wp\/v2\/categories?post=4630"},{"taxonomy":"post_tag","embeddable":true,"href":"https:\/\/cdu-kempen.de\/index.php\/wp-json\/wp\/v2\/tags?post=4630"}],"curies":[{"name":"wp","href":"https:\/\/api.w.org\/{rel}","templated":true}]}}