{"id":4690,"date":"2013-11-15T13:38:35","date_gmt":"2013-11-15T12:38:35","guid":{"rendered":"http:\/\/www.cdu-kempen.de\/?p=4690"},"modified":"2013-11-15T13:38:35","modified_gmt":"2013-11-15T12:38:35","slug":"burnout-erkennung-und-pravention-veranstaltung-der-mit","status":"publish","type":"post","link":"https:\/\/cdu-kempen.de\/index.php\/burnout-erkennung-und-pravention-veranstaltung-der-mit\/","title":{"rendered":"&#8222;Burnout &#8211; Erkennung und Pr\u00e4vention&#8220; &#8211; Veranstaltung der MIT"},"content":{"rendered":"<p>1. Unternehmerstammtisch der MIT Kempen zum Thema Burnout am 12.11.2013<\/p>\n<p>Die MIT-Kempen hatte am Dienstagabend zum ersten Unternehmerstammtisch eingeladen. Zahlreiche Unternehmer waren der Einladung in die Kempener Burse gefolgt.<\/p>\n<p>MIT-Gesch\u00e4ftsf\u00fchrer Carsten H\u00f6ner hatte f\u00fcr die Veranstaltung Kathrin B\u00f6ntgen zum Thema &#8222;Burnout und Stress&#8220; gewinnen k\u00f6nnen.<\/p>\n<p>Viele Menschen sind t\u00e4glich hohem Leistungsdruck ausgesetzt. Selbst an Urlaubstagen, die der Erholung dienen sollen, wird nicht selten st\u00e4ndige Erreichbarkeit durch moderne Kommunikationsmittel vorausgesetzt und der Erholungswert auf diese Weise stark gemindert. Langanhaltende k\u00f6rperliche, geistige und emotionale Ersch\u00f6pfung sind nicht selten die Folge. Dem gilt es vorzubeugen.<\/p>\n<p>Der stellvertretende Vorsitzende der MIT Kempen, Sebastian van Thiel, m\u00f6chte diese neue Veranstaltungsreihe in 2014 mit jeweils wechselnden, f\u00fcr Unternehmer interessanten, Themen fortf\u00fchren. Auch der Veranstaltungsort soll jedes Mal ein Anderer innerhalb von Kempen sein, um auch hier eine interessante Abwechslung bieten zu k\u00f6nnen.<\/p>\n<p>&nbsp;<\/p>\n","protected":false},"excerpt":{"rendered":"<p>1. Unternehmerstammtisch der MIT Kempen zum Thema Burnout am 12.11.2013 Die MIT-Kempen hatte am Dienstagabend zum ersten Unternehmerstammtisch eingeladen. Zahlreiche Unternehmer waren der Einladung in die Kempener Burse gefolgt. MIT-Gesch\u00e4ftsf\u00fchrer Carsten H\u00f6ner hatte f\u00fcr die Veranstaltung Kathrin B\u00f6ntgen zum Thema &#8222;Burnout und Stress&#8220; gewinnen k\u00f6nnen. Viele Menschen sind t\u00e4glich hohem Leistungsdruck ausgesetzt. Selbst an Urlaubstagen, [&hellip;]<\/p>\n","protected":false},"author":5,"featured_media":0,"comment_status":"closed","ping_status":"closed","sticky":false,"template":"","format":"standard","meta":{"_et_pb_use_builder":"","_et_pb_old_content":"","_et_gb_content_width":"","footnotes":""},"categories":[5],"tags":[],"class_list":["post-4690","post","type-post","status-publish","format-standard","hentry","category-aktuelles"],"_links":{"self":[{"href":"https:\/\/cdu-kempen.de\/index.php\/wp-json\/wp\/v2\/posts\/4690"}],"collection":[{"href":"https:\/\/cdu-kempen.de\/index.php\/wp-json\/wp\/v2\/posts"}],"about":[{"href":"https:\/\/cdu-kempen.de\/index.php\/wp-json\/wp\/v2\/types\/post"}],"author":[{"embeddable":true,"href":"https:\/\/cdu-kempen.de\/index.php\/wp-json\/wp\/v2\/users\/5"}],"replies":[{"embeddable":true,"href":"https:\/\/cdu-kempen.de\/index.php\/wp-json\/wp\/v2\/comments?post=4690"}],"version-history":[{"count":0,"href":"https:\/\/cdu-kempen.de\/index.php\/wp-json\/wp\/v2\/posts\/4690\/revisions"}],"wp:attachment":[{"href":"https:\/\/cdu-kempen.de\/index.php\/wp-json\/wp\/v2\/media?parent=4690"}],"wp:term":[{"taxonomy":"category","embeddable":true,"href":"https:\/\/cdu-kempen.de\/index.php\/wp-json\/wp\/v2\/categories?post=4690"},{"taxonomy":"post_tag","embeddable":true,"href":"https:\/\/cdu-kempen.de\/index.php\/wp-json\/wp\/v2\/tags?post=4690"}],"curies":[{"name":"wp","href":"https:\/\/api.w.org\/{rel}","templated":true}]}}