{"id":4783,"date":"2014-01-08T09:22:07","date_gmt":"2014-01-08T08:22:07","guid":{"rendered":"http:\/\/www.cdu-kempen.de\/?p=4783"},"modified":"2014-01-08T09:22:07","modified_gmt":"2014-01-08T08:22:07","slug":"mitgliederbefragung-zur-kommunalwahl-2014","status":"publish","type":"post","link":"https:\/\/cdu-kempen.de\/index.php\/mitgliederbefragung-zur-kommunalwahl-2014\/","title":{"rendered":"Mitgliederbefragung zur Kommunalwahl 2014"},"content":{"rendered":"<p>Sie als B\u00fcrger sind am 25. Mai 2014 aufgerufen, Ihre Vertreter im Rat der Stadt Kempen f\u00fcr die n\u00e4chsten sechs Jahre zu w\u00e4hlen.<br \/>\nDar\u00fcber hinaus wird auch unser B\u00fcrgermeister Volker R\u00fcbe f\u00fcr eine zweite Amtsperiode kandidieren.<br \/>\nDie Kommunalwahl ist der k\u00fcrzeste Weg, unmittelbar auf die Politik vor Ort Einfluss zu nehmen. Die von uns auf der Mitgliederversammlung nominierten Kandidaten werden sich daf\u00fcr in der Fraktion und im Rat engagieren und diese Interessen bestm\u00f6glich vertreten.<br \/>\nDeshalb m\u00f6chten wir von Ihnen direkt erfahren, wo \u201eder Schuh dr\u00fcckt&#8220;, welche Schwerpunkte Sie vertreten sehen m\u00f6chten, welche Themen f\u00fcr Sie wichtig sind.<br \/>\nAls eine erste Ma\u00dfnahme zu einem Gedankenaustausch haben wir einen Fragebogen erarbeitet. Stichwortartig bieten wir Anregungen und bitten um Bewertungen. Dar\u00fcber hinaus ist Platz f\u00fcr weitere Themen und Ideen.<\/p>\n<p><a href=\"http:\/\/www.cdu-kempen.de\/archives\/4770\">Zur Befragung<\/a><\/p>\n","protected":false},"excerpt":{"rendered":"<p>Sie als B\u00fcrger sind am 25. Mai 2014 aufgerufen, Ihre Vertreter im Rat der Stadt Kempen f\u00fcr die n\u00e4chsten sechs Jahre zu w\u00e4hlen. Dar\u00fcber hinaus wird auch unser B\u00fcrgermeister Volker R\u00fcbe f\u00fcr eine zweite Amtsperiode kandidieren. Die Kommunalwahl ist der k\u00fcrzeste Weg, unmittelbar auf die Politik vor Ort Einfluss zu nehmen. Die von uns auf [&hellip;]<\/p>\n","protected":false},"author":5,"featured_media":0,"comment_status":"open","ping_status":"open","sticky":false,"template":"","format":"standard","meta":{"_et_pb_use_builder":"","_et_pb_old_content":"","_et_gb_content_width":"","footnotes":""},"categories":[4],"tags":[],"class_list":["post-4783","post","type-post","status-publish","format-standard","hentry","category-allgemeines"],"_links":{"self":[{"href":"https:\/\/cdu-kempen.de\/index.php\/wp-json\/wp\/v2\/posts\/4783"}],"collection":[{"href":"https:\/\/cdu-kempen.de\/index.php\/wp-json\/wp\/v2\/posts"}],"about":[{"href":"https:\/\/cdu-kempen.de\/index.php\/wp-json\/wp\/v2\/types\/post"}],"author":[{"embeddable":true,"href":"https:\/\/cdu-kempen.de\/index.php\/wp-json\/wp\/v2\/users\/5"}],"replies":[{"embeddable":true,"href":"https:\/\/cdu-kempen.de\/index.php\/wp-json\/wp\/v2\/comments?post=4783"}],"version-history":[{"count":0,"href":"https:\/\/cdu-kempen.de\/index.php\/wp-json\/wp\/v2\/posts\/4783\/revisions"}],"wp:attachment":[{"href":"https:\/\/cdu-kempen.de\/index.php\/wp-json\/wp\/v2\/media?parent=4783"}],"wp:term":[{"taxonomy":"category","embeddable":true,"href":"https:\/\/cdu-kempen.de\/index.php\/wp-json\/wp\/v2\/categories?post=4783"},{"taxonomy":"post_tag","embeddable":true,"href":"https:\/\/cdu-kempen.de\/index.php\/wp-json\/wp\/v2\/tags?post=4783"}],"curies":[{"name":"wp","href":"https:\/\/api.w.org\/{rel}","templated":true}]}}