{"id":4857,"date":"2014-01-20T11:22:46","date_gmt":"2014-01-20T10:22:46","guid":{"rendered":"http:\/\/www.cdu-kempen.de\/?p=4857"},"modified":"2014-01-20T11:22:46","modified_gmt":"2014-01-20T10:22:46","slug":"cdu-kempen-neujahrsempfang-2014","status":"publish","type":"post","link":"https:\/\/cdu-kempen.de\/index.php\/cdu-kempen-neujahrsempfang-2014\/","title":{"rendered":"CDU Kempen &#8211; Neujahrsempfang 2014"},"content":{"rendered":"<p>Zum Neujahrsempfang des CDU-Stadtverbandes Kempen am 10. Januar 2014 konnten die Vorsitzende der Kempener CDU Eva Theuerkauf und der Fraktionsvorsitzende Wilfried Bogedain ca. 400 G\u00e4ste herzlich willkommen hei\u00dfen.<\/p>\n<p>Unter dem Motto: &#8222;Vereine in Kempen &#8211; aktiv und vielf\u00e4ltig&#8220; wurden 188 Vereine und 28 Organisationen f\u00fcr ihr Wirken in der Thomasstadt Kempen gew\u00fcrdigt. Unsere Vereine und Organisationen sind der Garant einer funktionierenden sozialen Gemeinschaft in Kempen.<\/p>\n<p>In seiner Rede beleuchtete unser CDU-B\u00fcrgermeister die vielf\u00e4ltigen Facetten\u00a0 aus der Arbeit der Vereine in den Bereichen des Brauchtums, des Sports, der Kultur und des Sozialen. &#8222;Die ehrenamtliche Arbeit in den Vereinen ist eine unverzichtbare S\u00e4ule der Stadt&#8220;, so Volker R\u00fcbo. &#8222;Bitte halten Sie durch, auch wenn es mal schwierig wird&#8220; war der Apell des CDU-B\u00fcrgermeisters an die Ehrenamtlichen in den Vereinen und Organisationen.<\/p>\n<p>Die Kempener CDU wird sich, auch bei der angespannten Haushaltslage unserer Stadt, weiterhin f\u00fcr den Erhalt der Unterst\u00fctzung an die Kempener Vereine und Organisationen einsetzen, so das Versprechen der CDU-Vorsitzenden Eva Theuerkauf und des CDU-Fraktionsvorsitzenden Wilfried Bogedain.<\/p>\n<p>In Abwandlung eines Satzes von J.F. Kennedy k\u00f6nnte es hei\u00dfen:<\/p>\n<p>&#8222;Frage nicht, was dein Verein f\u00fcr dich tun kann, frage, was du f\u00fcr deinen Verein tun kannst&#8220;.<\/p>\n<p>Einem guten Brauch folgend wurde auch bei diesem Neujahrsempfang f\u00fcr einen guten Zweck gesammelt. Das Sammelergebnis von 1.178,95 Euro kommt dem Kempener Ortsverein der Deutschen Krebshilfe zugute.<\/p>\n<p><img decoding=\"async\" class=\"ngg_displayed_gallery mceItem\" alt=\"\" src=\"http:\/\/www.cdu-kempen.de\/nextgen-attach_to_post\/preview\/id--4858\" \/><\/p>\n","protected":false},"excerpt":{"rendered":"<p>Zum Neujahrsempfang des CDU-Stadtverbandes Kempen am 10. Januar 2014 konnten die Vorsitzende der Kempener CDU Eva Theuerkauf und der Fraktionsvorsitzende Wilfried Bogedain ca. 400 G\u00e4ste herzlich willkommen hei\u00dfen. Unter dem Motto: &#8222;Vereine in Kempen &#8211; aktiv und vielf\u00e4ltig&#8220; wurden 188 Vereine und 28 Organisationen f\u00fcr ihr Wirken in der Thomasstadt Kempen gew\u00fcrdigt. Unsere Vereine und [&hellip;]<\/p>\n","protected":false},"author":5,"featured_media":0,"comment_status":"closed","ping_status":"closed","sticky":false,"template":"","format":"standard","meta":{"_et_pb_use_builder":"","_et_pb_old_content":"","_et_gb_content_width":"","footnotes":""},"categories":[5],"tags":[],"class_list":["post-4857","post","type-post","status-publish","format-standard","hentry","category-aktuelles"],"_links":{"self":[{"href":"https:\/\/cdu-kempen.de\/index.php\/wp-json\/wp\/v2\/posts\/4857"}],"collection":[{"href":"https:\/\/cdu-kempen.de\/index.php\/wp-json\/wp\/v2\/posts"}],"about":[{"href":"https:\/\/cdu-kempen.de\/index.php\/wp-json\/wp\/v2\/types\/post"}],"author":[{"embeddable":true,"href":"https:\/\/cdu-kempen.de\/index.php\/wp-json\/wp\/v2\/users\/5"}],"replies":[{"embeddable":true,"href":"https:\/\/cdu-kempen.de\/index.php\/wp-json\/wp\/v2\/comments?post=4857"}],"version-history":[{"count":0,"href":"https:\/\/cdu-kempen.de\/index.php\/wp-json\/wp\/v2\/posts\/4857\/revisions"}],"wp:attachment":[{"href":"https:\/\/cdu-kempen.de\/index.php\/wp-json\/wp\/v2\/media?parent=4857"}],"wp:term":[{"taxonomy":"category","embeddable":true,"href":"https:\/\/cdu-kempen.de\/index.php\/wp-json\/wp\/v2\/categories?post=4857"},{"taxonomy":"post_tag","embeddable":true,"href":"https:\/\/cdu-kempen.de\/index.php\/wp-json\/wp\/v2\/tags?post=4857"}],"curies":[{"name":"wp","href":"https:\/\/api.w.org\/{rel}","templated":true}]}}