{"id":4963,"date":"2014-04-04T17:47:58","date_gmt":"2014-04-04T16:47:58","guid":{"rendered":"http:\/\/www.cdu-kempen.de\/?p=4963"},"modified":"2014-04-04T17:47:58","modified_gmt":"2014-04-04T16:47:58","slug":"cdu-haelt-an-denkmalschutz-und-stadtbild-fest","status":"publish","type":"post","link":"https:\/\/cdu-kempen.de\/index.php\/cdu-haelt-an-denkmalschutz-und-stadtbild-fest\/","title":{"rendered":"CDU h\u00e4lt an Denkmalschutz und Stadtbild fest"},"content":{"rendered":"<p>Die CDU-Fraktion legt wie bisher Wert darauf, dass bei allen st\u00e4dtebaulichen Ver\u00e4nderungen und Sanierungsma\u00dfnahmen sowohl der Denkmalschutz als auch der Charakter, der die Altstadt Kempens pr\u00e4gt, beachtet und beibehalten wird. Neubauma\u00dfnahmen in der Altstadt haben sich der Umgebung anzupassen und unterzuordnen. Aus diesem Grund hat die CDU auch dem Bauvorhaben an der Peterstra\u00dfe im Fachausschuss nicht zugestimmt und dem Investor aufgegeben, die Planung unter Achtung der an dieser Stelle gebotenen Kleingliedrigkeit und unter Einbeziehung von denkmalwerten Teilen des Hauses Peterstr. 20 zu \u00fcberarbeiten. Wir be-gr\u00fc\u00dfen, dass der Investor offensichtlich bereits die in der Politik und in der \u00d6ffentlichkeit ge\u00e4u\u00dferten Bedenken aufgegriffen hat und einen neuen, v\u00f6llig \u00fcberarbeiteten Planungsentwurf vorlegen will.<\/p>\n<p>F\u00fcr die CDU hat der Erhalt von denkmalgesch\u00fctzten Geb\u00e4uden hohe Priorit\u00e4t, da hierdurch in den letzten Jahrzehnten eine von B\u00fcrgern und Besuchern, aber auch von Fachleuten hochgesch\u00e4tzte historische Altstadt mit Charme entstanden ist, die es zu erhalten gilt. Wir sind uns aber auch bewusst, dass im Zuge von unabweisbaren Sanierungen von Geb\u00e4uden auch k\u00fcnftig Pr\u00fcfungen notwendig werden, ob sich Denkmalschutz unter heutigen Gesichtspunkten noch auf ein ganzes Geb\u00e4ude beziehen muss oder sich auf denkmal- und erhaltenswerte Teile der Geb\u00e4ude erstreckt. So ist aus Sicht der CDU durchaus vorstellbar, dass sich ein Denkmalwert des Hauses Peterstr. 20 aufgrund der erheblichen baulichen Ver\u00e4nderungen im Haus nur auf Teile der Hausfassade bezieht. Wir begr\u00fc\u00dfen, dass der Investor offensichtlich in Erw\u00e4gung zieht, die erhaltenswerten Fassadenteile in ein neues Projekt zu integrieren.<\/p>\n<p>Da auch bei k\u00fcnftigen Vorhaben der Denkmalschutz eine wichtige Rolle spielen wird, regt die CDU an, einen neutralen und fachlich besetzten Denkmal-Beirat zu bilden, der in allen Angelegenheiten, die den Denkmalschutz betreffen, zu beteiligen ist.<\/p>\n","protected":false},"excerpt":{"rendered":"<p>Die CDU-Fraktion legt wie bisher Wert darauf, dass bei allen st\u00e4dtebaulichen Ver\u00e4nderungen und Sanierungsma\u00dfnahmen sowohl der Denkmalschutz als auch der Charakter, der die Altstadt Kempens pr\u00e4gt, beachtet und beibehalten wird. Neubauma\u00dfnahmen in der Altstadt haben sich der Umgebung anzupassen und unterzuordnen &#8230;<\/p>\n","protected":false},"author":5,"featured_media":0,"comment_status":"closed","ping_status":"closed","sticky":false,"template":"","format":"standard","meta":{"_et_pb_use_builder":"","_et_pb_old_content":"","_et_gb_content_width":"","footnotes":""},"categories":[5,6],"tags":[],"class_list":["post-4963","post","type-post","status-publish","format-standard","hentry","category-aktuelles","category-standpunkte"],"_links":{"self":[{"href":"https:\/\/cdu-kempen.de\/index.php\/wp-json\/wp\/v2\/posts\/4963"}],"collection":[{"href":"https:\/\/cdu-kempen.de\/index.php\/wp-json\/wp\/v2\/posts"}],"about":[{"href":"https:\/\/cdu-kempen.de\/index.php\/wp-json\/wp\/v2\/types\/post"}],"author":[{"embeddable":true,"href":"https:\/\/cdu-kempen.de\/index.php\/wp-json\/wp\/v2\/users\/5"}],"replies":[{"embeddable":true,"href":"https:\/\/cdu-kempen.de\/index.php\/wp-json\/wp\/v2\/comments?post=4963"}],"version-history":[{"count":0,"href":"https:\/\/cdu-kempen.de\/index.php\/wp-json\/wp\/v2\/posts\/4963\/revisions"}],"wp:attachment":[{"href":"https:\/\/cdu-kempen.de\/index.php\/wp-json\/wp\/v2\/media?parent=4963"}],"wp:term":[{"taxonomy":"category","embeddable":true,"href":"https:\/\/cdu-kempen.de\/index.php\/wp-json\/wp\/v2\/categories?post=4963"},{"taxonomy":"post_tag","embeddable":true,"href":"https:\/\/cdu-kempen.de\/index.php\/wp-json\/wp\/v2\/tags?post=4963"}],"curies":[{"name":"wp","href":"https:\/\/api.w.org\/{rel}","templated":true}]}}