{"id":54,"date":"2009-01-08T20:20:16","date_gmt":"2009-01-08T18:20:16","guid":{"rendered":"http:\/\/www.cdu-kempen.de\/cdu\/?p=19"},"modified":"2009-01-08T20:20:16","modified_gmt":"2009-01-08T18:20:16","slug":"neujahrsempfang-2009-der-cdu-kempen","status":"publish","type":"post","link":"https:\/\/cdu-kempen.de\/index.php\/neujahrsempfang-2009-der-cdu-kempen\/","title":{"rendered":"Neujahrsempfang 2009 der CDU Kempen"},"content":{"rendered":"<p><strong>\u201eAuf dem Weg &#8211; Perspektiven f\u00fcr Kempen\u201c, erster Beigeordneter Volker R\u00fcbo blickt nach vorn<br \/>\n<\/strong>Erneut fast 450 G\u00e4ste bei der CDU im Kolpinghaus<\/p>\n<p>Trotz klirrender K\u00e4lte und Schnee war der gro\u00dfe Saal des Kolpinghauses auch in diesem Jahr wieder fast bis zum letzten Platz gef\u00fcllt. Der traditionelle Neujahrsempfang der CDU Kempen hat sich schon l\u00e4ngst zu einem gesellschaftlichen Gro\u00dfereigneis in Kempen etabliert. Stadtverbandsvorsitzender Hans-Jochen Herbst und Fraktionsvorsitzender Wilfried Bogedain hatten alle H\u00e4nde voll zu tun, begr\u00fc\u00dften sie doch am Eingang des gro\u00dfen Kolpingsaals am 9.1.2009 erneut fast 450 G\u00e4ste per Handschlag, unter ihnen auch Bundestagsabgeordneter Uwe Schummer und Landtagsabgeordneter Christian Weisbrich.<\/p>\n<p>In seiner Begr\u00fc\u00dfungsansprache blickte Jochen Herbst in das Jahr 2009, das von Wahlen gepr\u00e4gt sein wird. Mit Blick auf die Finanz- und Wirtschaftskrise, deren Auswirkungen auch Kempen sp\u00fcren wird, warb er um Vertrauen. Kempen brauche politische Verl\u00e4sslichkeit und Best\u00e4ndigkeit. W\u00f6rtlich mahnte er: \u201eEs ist keine Zeit f\u00fcr Experimente!\u201c Volker R\u00fcbo, Erster Beigeordneter der Stadt Kempen und CDU-B\u00fcrgermeisterkandidat hielt auch auf dem diesj\u00e4hrigen Neujahrsempfang die Festrede. In seiner Anprache zum Thema \u201eAuf dem Weg &#8211; Perspektiven f\u00fcr Kempen\u201c blickte er in viele Bereiche zur\u00fcck, zeigte Entwicklungen auf und formulierte hieraus Zielsetzungen f\u00fcr die kommenden Jahre. Kempen m\u00fcsse konsequent weiterentwickelt werden. Er nannte die St\u00e4rkung der Wirtschaft, die Sicherung der Arbeits- und Ausbildungpl\u00e4tze ebenso wie die Notwendigkeit, alle Voraussetzungen zu schaffen, um eine gute Bildung und Ausbildung der Kinder zu gew\u00e4hrleisten. \u201eBildung ist die Basis sozialer Gerechtigkeit!\u201c Volker R\u00fcbo unterstrich aber auch die Notwendigkeit, f\u00fcr Familien mit pflegebed\u00fcrftigen Angeh\u00f6rigen in allen Ortsteilen Kempens erforderliche Hilfen vorzuhalten. Bei allen Ma\u00dfnahmen d\u00fcrfe aber ein weiterer Schuldenabbau nicht aus den Augen verloren werden. \u201eWir m\u00fcssen sparsam wirtschaften, damit nicht unsere Kinder unsere Schulden zur\u00fcckzahlen m\u00fcssen!\u201c.<\/p>\n<p>Der volle Wortlaut der Neujahrsansprache wird in den n\u00e4chsten Tagen an dieser Stelle ver\u00f6ffentlicht.<\/p>\n<p>Fraktionsvorsitzender Wilfried Bogedain erkl\u00e4rte in seinem Gru\u00dfwort, dass es trotz der globalen Finanz- und Wirtschaftskrise Grund gebe, optimistisch in das Jahr 2009 zu blicken. Die CDU lege Wert darauf, dass Konjunkturprogramme des Bundes und konjunkturbedingte F\u00f6rderungen in Kempen sofort aufgegriffen werden und zur St\u00e4rkung der heimischen Wirtschaft und Sicherung der hiesigen Arbeitspl\u00e4tze ohne b\u00fcrokratische Hemmnisse und lange Vorlaufzeiten in Ma\u00dfnahmen umgesetzt werden.<\/p>\n<p>Die Sammlung auf dem diesj\u00e4hrigen Neujahrsempfang brachte das stolze Ergebnis von 1220,00 EUR. Die Spende geht an den F\u00f6rderverein des Hospitals zum Hl. Geist und an die Kempener Tafel, die sich um die zunehmend wachsende Zahl von Menschen k\u00fcmmert, die am Rande des Existenzminimums leben und nicht sorgenfrei ins neue Jahr blicken k\u00f6nnen.<\/p>\n<p>\u00a0Wir w\u00fcnschen allen f\u00fcr das Jahr 2009 Gesundheit, Erfolg, viele gl\u00fcckliche Tage, viele positive Momente und pers\u00f6nliches Wohlergehen!<\/p>\n<p><a href=\"http:\/\/cdu-kempen.de\/wp-content\/uploads\/2009\/07\/nj01-640x4002.jpg\"><img loading=\"lazy\" decoding=\"async\" class=\"alignleft size-thumbnail wp-image-841\" style=\"border: black 2px solid;\" title=\"nj01-640x400\" src=\"http:\/\/cdu-kempen.de\/wp-content\/uploads\/2009\/07\/nj01-640x4002-150x150.jpg\" alt=\"nj01-640x400\" width=\"150\" height=\"150\" \/><\/a><a href=\"http:\/\/cdu-kempen.de\/wp-content\/uploads\/2009\/07\/nj03-640x4002.jpg\"><img loading=\"lazy\" decoding=\"async\" class=\"alignleft size-thumbnail wp-image-846\" style=\"border: black 2px solid;\" title=\"nj03-640x400\" src=\"http:\/\/cdu-kempen.de\/wp-content\/uploads\/2009\/07\/nj03-640x4002-150x150.jpg\" alt=\"nj03-640x400\" width=\"150\" height=\"150\" \/><\/a><a href=\"http:\/\/cdu-kempen.de\/wp-content\/uploads\/2009\/07\/mv01-640x400.jpg\"><img loading=\"lazy\" decoding=\"async\" class=\"alignleft size-thumbnail wp-image-835\" style=\"border: black 2px solid;\" title=\"mv01-640x400\" src=\"http:\/\/cdu-kempen.de\/wp-content\/uploads\/2009\/07\/mv01-640x400-150x150.jpg\" alt=\"mv01-640x400\" width=\"150\" height=\"150\" \/><\/a><a href=\"http:\/\/cdu-kempen.de\/wp-content\/uploads\/2009\/07\/nj05-640x4001.jpg\"><img loading=\"lazy\" decoding=\"async\" class=\"alignleft size-thumbnail wp-image-847\" style=\"border: black 2px solid;\" title=\"nj05-640x400\" src=\"http:\/\/cdu-kempen.de\/wp-content\/uploads\/2009\/07\/nj05-640x4001-150x150.jpg\" alt=\"nj05-640x400\" width=\"150\" height=\"150\" \/><\/a><a href=\"http:\/\/cdu-kempen.de\/wp-content\/uploads\/2009\/07\/nj06-640x4001.jpg\"><img loading=\"lazy\" decoding=\"async\" class=\"alignleft size-thumbnail wp-image-848\" style=\"border: black 2px solid;\" title=\"nj06-640x400\" src=\"http:\/\/cdu-kempen.de\/wp-content\/uploads\/2009\/07\/nj06-640x4001-150x150.jpg\" alt=\"nj06-640x400\" width=\"150\" height=\"150\" \/><\/a><a href=\"http:\/\/cdu-kempen.de\/wp-content\/uploads\/2009\/07\/nj07-640x4001.jpg\"><img loading=\"lazy\" decoding=\"async\" class=\"alignleft size-thumbnail wp-image-849\" style=\"border: black 2px solid;\" title=\"nj07-640x400\" src=\"http:\/\/cdu-kempen.de\/wp-content\/uploads\/2009\/07\/nj07-640x4001-150x150.jpg\" alt=\"nj07-640x400\" width=\"150\" height=\"150\" \/><\/a><a href=\"http:\/\/cdu-kempen.de\/wp-content\/uploads\/2009\/07\/nj09-640x4001.jpg\"><img loading=\"lazy\" decoding=\"async\" class=\"alignleft size-thumbnail wp-image-850\" style=\"border: black 2px solid;\" title=\"nj09-640x400\" src=\"http:\/\/cdu-kempen.de\/wp-content\/uploads\/2009\/07\/nj09-640x4001-150x150.jpg\" alt=\"nj09-640x400\" width=\"150\" height=\"150\" \/><\/a><a href=\"http:\/\/cdu-kempen.de\/wp-content\/uploads\/2009\/07\/nj10-640x4001.jpg\"><img loading=\"lazy\" decoding=\"async\" class=\"alignleft size-thumbnail wp-image-851\" style=\"border: black 2px solid;\" title=\"nj10-640x400\" src=\"http:\/\/cdu-kempen.de\/wp-content\/uploads\/2009\/07\/nj10-640x4001-150x150.jpg\" alt=\"nj10-640x400\" width=\"150\" height=\"150\" \/><\/a><a href=\"http:\/\/cdu-kempen.de\/wp-content\/uploads\/2009\/07\/nj12-640x400.jpg\"><img loading=\"lazy\" decoding=\"async\" class=\"alignleft size-thumbnail wp-image-852\" style=\"border: black 2px solid;\" title=\"nj12-640x400\" src=\"http:\/\/cdu-kempen.de\/wp-content\/uploads\/2009\/07\/nj12-640x400-150x150.jpg\" alt=\"nj12-640x400\" width=\"150\" height=\"150\" \/><\/a><\/p>\n","protected":false},"excerpt":{"rendered":"<p>Erster Beigeordneter Volker R\u00fcbo blickt nach vorn<br \/>\nErneut fast 450 G\u00e4ste bei der CDU im Kolpinghaus<\/p>\n<p>Trotz klirrender K\u00e4lte und Schnee war der gro\u00dfe Saal des Kolpinghauses auch in diesem Jahr wieder fast bis zum letzten Platz gef\u00fcllt.<br \/>\nDer traditionelle Neujahrsempfang der CDU Kempen hat sich schon l\u00e4ngst zu einem gesellschaftlichen Gro\u00dfereigneis in Kempen etabliert.<\/p>\n","protected":false},"author":1,"featured_media":0,"comment_status":"closed","ping_status":"closed","sticky":false,"template":"","format":"standard","meta":{"_et_pb_use_builder":"","_et_pb_old_content":"","_et_gb_content_width":"","footnotes":""},"categories":[4],"tags":[],"class_list":["post-54","post","type-post","status-publish","format-standard","hentry","category-allgemeines"],"_links":{"self":[{"href":"https:\/\/cdu-kempen.de\/index.php\/wp-json\/wp\/v2\/posts\/54"}],"collection":[{"href":"https:\/\/cdu-kempen.de\/index.php\/wp-json\/wp\/v2\/posts"}],"about":[{"href":"https:\/\/cdu-kempen.de\/index.php\/wp-json\/wp\/v2\/types\/post"}],"author":[{"embeddable":true,"href":"https:\/\/cdu-kempen.de\/index.php\/wp-json\/wp\/v2\/users\/1"}],"replies":[{"embeddable":true,"href":"https:\/\/cdu-kempen.de\/index.php\/wp-json\/wp\/v2\/comments?post=54"}],"version-history":[{"count":0,"href":"https:\/\/cdu-kempen.de\/index.php\/wp-json\/wp\/v2\/posts\/54\/revisions"}],"wp:attachment":[{"href":"https:\/\/cdu-kempen.de\/index.php\/wp-json\/wp\/v2\/media?parent=54"}],"wp:term":[{"taxonomy":"category","embeddable":true,"href":"https:\/\/cdu-kempen.de\/index.php\/wp-json\/wp\/v2\/categories?post=54"},{"taxonomy":"post_tag","embeddable":true,"href":"https:\/\/cdu-kempen.de\/index.php\/wp-json\/wp\/v2\/tags?post=54"}],"curies":[{"name":"wp","href":"https:\/\/api.w.org\/{rel}","templated":true}]}}