{"id":5468,"date":"2014-10-30T19:11:36","date_gmt":"2014-10-30T18:11:36","guid":{"rendered":"http:\/\/www.cdu-kempen.de\/?p=5468"},"modified":"2014-10-30T19:11:36","modified_gmt":"2014-10-30T18:11:36","slug":"cdu-ortsausschuss-toenisberg","status":"publish","type":"post","link":"https:\/\/cdu-kempen.de\/index.php\/cdu-ortsausschuss-toenisberg\/","title":{"rendered":"CDU Ortsausschuss T\u00f6nisberg"},"content":{"rendered":"<p>Beim CDU Kartoffel-Treff in T\u00f6nisberg konnte dank der vielen unerm\u00fcdlichen und flei\u00dfigen Helfer und Spender ein stattlicher Erl\u00f6s von <strong>\u20ac 650,-<\/strong> erzielt werden. Mit gro\u00dfer Freude \u00fcberreicht der \u00a0CDU-Ortsausschuss T\u00f6nisberg in \u00a0diesem Jahr den Erl\u00f6s an den F\u00f6rderverein der Gemeinschafts-Grundschule T\u00f6nisberg. \u00a0Thomas Br\u00fcx, 1. Vorsitzender und Petra Goak, Schatzmeisterin, sind begeistert. Das Geld soll f\u00fcr die Reparatur des Kletterger\u00fcsts oder f\u00fcr das anstehende Zirkusprojekt im kommenden Jahr verwendet werden. Zum 19. Mal konnte das T\u00f6nisberger CDU-Team mit dem Erl\u00f6s vom Kartoffel-Treff so manches Projekt mit einer \u201e Finanzspritze\u201c unterst\u00fctzen. Es ist immer wieder eine prima Gelegenheit, freut sich das Team mit den beiden Stadtverordneten Bernd Fr\u00f6chtenicht und Rita Ulschmid, beim traditionellen Familienfest mit unseren Nachbarn zu feiern und sich gleichzeitig \u00a0\u00fcber die Sorgen und N\u00f6te der T\u00f6nisbergerinnen und T\u00f6nisberger auszutauschen.<\/p>\n<p><a href=\"http:\/\/cdu-kempen.de\/wp-content\/uploads\/2014\/10\/CDU-Ortsausschuss-Toenisberg01.jpg\"><img loading=\"lazy\" decoding=\"async\" class=\"alignleft wp-image-5465 size-medium\" src=\"http:\/\/cdu-kempen.de\/wp-content\/uploads\/2014\/10\/CDU-Ortsausschuss-Toenisberg01-300x177.jpg\" alt=\"CDU-Ortsausschuss-Toenisberg01\" width=\"300\" height=\"177\" \/><\/a><\/p>\n<p><a href=\"http:\/\/cdu-kempen.de\/wp-content\/uploads\/2014\/10\/CDU-Ortsausschuss-Toenisberg03.jpg\"><img loading=\"lazy\" decoding=\"async\" class=\"alignleft wp-image-5467 size-medium\" src=\"http:\/\/cdu-kempen.de\/wp-content\/uploads\/2014\/10\/CDU-Ortsausschuss-Toenisberg03-300x177.jpg\" alt=\"CDU-Ortsausschuss-Toenisberg03\" width=\"300\" height=\"177\" \/><\/a><\/p>\n<p><a href=\"http:\/\/cdu-kempen.de\/wp-content\/uploads\/2014\/10\/CDU-Ortsausschuss-Toenisberg02.jpg\"><img loading=\"lazy\" decoding=\"async\" class=\"alignleft wp-image-5466 size-medium\" src=\"http:\/\/cdu-kempen.de\/wp-content\/uploads\/2014\/10\/CDU-Ortsausschuss-Toenisberg02-300x177.jpg\" alt=\"CDU-Ortsausschuss-Toenisberg02\" width=\"300\" height=\"177\" \/><\/a><\/p>\n<p>&nbsp;<\/p>\n<p>&nbsp;<\/p>\n<p>&nbsp;<\/p>\n<p>&nbsp;<\/p>\n<p>&nbsp;<\/p>\n","protected":false},"excerpt":{"rendered":"<p>Beim CDU Kartoffel-Treff in T\u00f6nisberg konnte dank der vielen unerm\u00fcdlichen und flei\u00dfigen Helfer und Spender ein stattlicher Erl\u00f6s von \u20ac 650,- erzielt werden. Mit gro\u00dfer Freude \u00fcberreicht der  CDU-Ortsausschuss T\u00f6nisberg in  diesem Jahr den Erl\u00f6s an den F\u00f6rderverein der Gemeinschafts-Grundschule T\u00f6nisberg. <\/p>\n","protected":false},"author":1,"featured_media":0,"comment_status":"closed","ping_status":"closed","sticky":false,"template":"","format":"standard","meta":{"_et_pb_use_builder":"","_et_pb_old_content":"","_et_gb_content_width":"","footnotes":""},"categories":[5],"tags":[],"class_list":["post-5468","post","type-post","status-publish","format-standard","hentry","category-aktuelles"],"_links":{"self":[{"href":"https:\/\/cdu-kempen.de\/index.php\/wp-json\/wp\/v2\/posts\/5468"}],"collection":[{"href":"https:\/\/cdu-kempen.de\/index.php\/wp-json\/wp\/v2\/posts"}],"about":[{"href":"https:\/\/cdu-kempen.de\/index.php\/wp-json\/wp\/v2\/types\/post"}],"author":[{"embeddable":true,"href":"https:\/\/cdu-kempen.de\/index.php\/wp-json\/wp\/v2\/users\/1"}],"replies":[{"embeddable":true,"href":"https:\/\/cdu-kempen.de\/index.php\/wp-json\/wp\/v2\/comments?post=5468"}],"version-history":[{"count":0,"href":"https:\/\/cdu-kempen.de\/index.php\/wp-json\/wp\/v2\/posts\/5468\/revisions"}],"wp:attachment":[{"href":"https:\/\/cdu-kempen.de\/index.php\/wp-json\/wp\/v2\/media?parent=5468"}],"wp:term":[{"taxonomy":"category","embeddable":true,"href":"https:\/\/cdu-kempen.de\/index.php\/wp-json\/wp\/v2\/categories?post=5468"},{"taxonomy":"post_tag","embeddable":true,"href":"https:\/\/cdu-kempen.de\/index.php\/wp-json\/wp\/v2\/tags?post=5468"}],"curies":[{"name":"wp","href":"https:\/\/api.w.org\/{rel}","templated":true}]}}