{"id":5525,"date":"2014-12-17T00:35:40","date_gmt":"2014-12-16T23:35:40","guid":{"rendered":"http:\/\/www.cdu-kempen.de\/?p=5525"},"modified":"2014-12-17T00:35:40","modified_gmt":"2014-12-16T23:35:40","slug":"frauen-union-kempen-besucht-die-abtei-mariendonk","status":"publish","type":"post","link":"https:\/\/cdu-kempen.de\/index.php\/frauen-union-kempen-besucht-die-abtei-mariendonk\/","title":{"rendered":"Frauen Union Kempen besucht die Abtei Mariendonk"},"content":{"rendered":"<p>Am Dienstag, den 09. Dezember 2014 hat die Frauen Union Kempen die Abtei Mariendonk besucht.<br \/>\nSchwester Rebekka, zust\u00e4ndig f\u00fcr die Betreuung der G\u00e4ste in der Abtei, hat die Gruppe an diesem Nachmittag begleitet.<br \/>\nNach Kaffee und Kuchen hat uns Schwester Rebekka durch einen informativen Vortrag die Abtei Mariendonk vorgestellt.<br \/>\nZudem hatten wir die Gelegenheit die Abteikirche zu besuchen und an der Vesper teilzunehmen. Wir m\u00f6chten uns noch einmal<br \/>\nganz herzlich bei Schwester Rebekka f\u00fcr die Gastfreundschaft und die vielen Informationen bedanken.<\/p>\n<p><a href=\"http:\/\/cdu-kempen.de\/wp-content\/uploads\/2014\/12\/CDU-Kempen-Frauen-Union-Kempen-besucht-die-Abtei-Mariendonk_2014-3.jpg\"><img loading=\"lazy\" decoding=\"async\" class=\"alignleft wp-image-5530 size-medium\" src=\"http:\/\/cdu-kempen.de\/wp-content\/uploads\/2014\/12\/CDU-Kempen-Frauen-Union-Kempen-besucht-die-Abtei-Mariendonk_2014-3-300x225.jpg\" alt=\"CDU-Kempen-Frauen-Union-Kempen-besucht-die-Abtei-Mariendonk_2014-3\" width=\"300\" height=\"225\" \/><\/a> <a href=\"http:\/\/cdu-kempen.de\/wp-content\/uploads\/2014\/12\/CDU-Kempen-Frauen-Union-Kempen-besucht-die-Abtei-Mariendonk_2014-2.jpg\"><img loading=\"lazy\" decoding=\"async\" class=\"alignleft wp-image-5529 size-medium\" src=\"http:\/\/cdu-kempen.de\/wp-content\/uploads\/2014\/12\/CDU-Kempen-Frauen-Union-Kempen-besucht-die-Abtei-Mariendonk_2014-2-300x225.jpg\" alt=\"CDU-Kempen-Frauen-Union-Kempen-besucht-die-Abtei-Mariendonk_2014-2\" width=\"300\" height=\"225\" \/><\/a> <a href=\"http:\/\/cdu-kempen.de\/wp-content\/uploads\/2014\/12\/CDU-Kempen-Frauen-Union-Kempen-besucht-die-Abtei-Mariendonk_2014-1.jpg\"><img loading=\"lazy\" decoding=\"async\" class=\"alignleft wp-image-5528 size-medium\" src=\"http:\/\/cdu-kempen.de\/wp-content\/uploads\/2014\/12\/CDU-Kempen-Frauen-Union-Kempen-besucht-die-Abtei-Mariendonk_2014-1-300x225.jpg\" alt=\"CDU-Kempen-Frauen-Union-Kempen-besucht-die-Abtei-Mariendonk_2014-1\" width=\"300\" height=\"225\" \/><\/a><\/p>\n","protected":false},"excerpt":{"rendered":"<p>Am Dienstag, den 09. Dezember 2014 hat die Frauen Union Kempen die Abtei Mariendonk besucht.<br \/>\nSchwester Rebekka, zust\u00e4ndig f\u00fcr die Betreuung der G\u00e4ste in der Abtei, hat die Gruppe an diesem Nachmittag begleitet.<\/p>\n","protected":false},"author":1,"featured_media":0,"comment_status":"closed","ping_status":"closed","sticky":false,"template":"","format":"standard","meta":{"_et_pb_use_builder":"","_et_pb_old_content":"","_et_gb_content_width":"","footnotes":""},"categories":[5],"tags":[],"class_list":["post-5525","post","type-post","status-publish","format-standard","hentry","category-aktuelles"],"_links":{"self":[{"href":"https:\/\/cdu-kempen.de\/index.php\/wp-json\/wp\/v2\/posts\/5525"}],"collection":[{"href":"https:\/\/cdu-kempen.de\/index.php\/wp-json\/wp\/v2\/posts"}],"about":[{"href":"https:\/\/cdu-kempen.de\/index.php\/wp-json\/wp\/v2\/types\/post"}],"author":[{"embeddable":true,"href":"https:\/\/cdu-kempen.de\/index.php\/wp-json\/wp\/v2\/users\/1"}],"replies":[{"embeddable":true,"href":"https:\/\/cdu-kempen.de\/index.php\/wp-json\/wp\/v2\/comments?post=5525"}],"version-history":[{"count":0,"href":"https:\/\/cdu-kempen.de\/index.php\/wp-json\/wp\/v2\/posts\/5525\/revisions"}],"wp:attachment":[{"href":"https:\/\/cdu-kempen.de\/index.php\/wp-json\/wp\/v2\/media?parent=5525"}],"wp:term":[{"taxonomy":"category","embeddable":true,"href":"https:\/\/cdu-kempen.de\/index.php\/wp-json\/wp\/v2\/categories?post=5525"},{"taxonomy":"post_tag","embeddable":true,"href":"https:\/\/cdu-kempen.de\/index.php\/wp-json\/wp\/v2\/tags?post=5525"}],"curies":[{"name":"wp","href":"https:\/\/api.w.org\/{rel}","templated":true}]}}