{"id":5533,"date":"2014-12-20T09:36:54","date_gmt":"2014-12-20T08:36:54","guid":{"rendered":"http:\/\/www.cdu-kempen.de\/?p=5533"},"modified":"2014-12-20T09:36:54","modified_gmt":"2014-12-20T08:36:54","slug":"weihnachtliche-gruesse-aus-kempen","status":"publish","type":"post","link":"https:\/\/cdu-kempen.de\/index.php\/weihnachtliche-gruesse-aus-kempen\/","title":{"rendered":"Weihnachtliche Gr\u00fc\u00dfe aus Kempen"},"content":{"rendered":"<p><span style=\"font-family: Calibri; font-size: medium;\">Wir als \u00a0CDU Stadtverband Kempen, w\u00fcnschen Ihnen ein besinnliches Weihnachtsfest im Kreise der Familie und einen sch\u00f6nen Ausklang des Jahres. Gleichzeitig m\u00f6chten wir uns ganz herzlich f\u00fcr die gute Zusammenarbeit im vergangen Jahr bedanken und w\u00fcnschen Ihnen von ganzem Herzen Gesundheit und viel Erfolg f\u00fcr das Jahr 2015.<br \/>\n<\/span><span style=\"font-family: Calibri; font-size: medium;\">Ihre Stadtverbandsvorsitzende<\/span><\/p>\n<p><span style=\"font-family: Calibri; font-size: medium;\">\u00a0\u00a0\u00a0 Rita Ulschmid<\/span><\/p>\n<p>&nbsp;<\/p>\n<p>&nbsp;<\/p>\n","protected":false},"excerpt":{"rendered":"<p>Wir als \u00a0CDU Stadtverband Kempen, w\u00fcnschen Ihnen ein besinnliches Weihnachtsfest im Kreise der Familie und einen sch\u00f6nen Ausklang des Jahres. Gleichzeitig m\u00f6chten wir uns ganz herzlich f\u00fcr die gute Zusammenarbeit im vergangen Jahr bedanken und w\u00fcnschen Ihnen von ganzem Herzen Gesundheit und viel Erfolg f\u00fcr das Jahr 2015. Ihre Stadtverbandsvorsitzende \u00a0\u00a0\u00a0 Rita Ulschmid &nbsp; &nbsp;<\/p>\n","protected":false},"author":1,"featured_media":0,"comment_status":"closed","ping_status":"closed","sticky":false,"template":"","format":"standard","meta":{"_et_pb_use_builder":"","_et_pb_old_content":"","_et_gb_content_width":"","footnotes":""},"categories":[4],"tags":[],"class_list":["post-5533","post","type-post","status-publish","format-standard","hentry","category-allgemeines"],"_links":{"self":[{"href":"https:\/\/cdu-kempen.de\/index.php\/wp-json\/wp\/v2\/posts\/5533"}],"collection":[{"href":"https:\/\/cdu-kempen.de\/index.php\/wp-json\/wp\/v2\/posts"}],"about":[{"href":"https:\/\/cdu-kempen.de\/index.php\/wp-json\/wp\/v2\/types\/post"}],"author":[{"embeddable":true,"href":"https:\/\/cdu-kempen.de\/index.php\/wp-json\/wp\/v2\/users\/1"}],"replies":[{"embeddable":true,"href":"https:\/\/cdu-kempen.de\/index.php\/wp-json\/wp\/v2\/comments?post=5533"}],"version-history":[{"count":0,"href":"https:\/\/cdu-kempen.de\/index.php\/wp-json\/wp\/v2\/posts\/5533\/revisions"}],"wp:attachment":[{"href":"https:\/\/cdu-kempen.de\/index.php\/wp-json\/wp\/v2\/media?parent=5533"}],"wp:term":[{"taxonomy":"category","embeddable":true,"href":"https:\/\/cdu-kempen.de\/index.php\/wp-json\/wp\/v2\/categories?post=5533"},{"taxonomy":"post_tag","embeddable":true,"href":"https:\/\/cdu-kempen.de\/index.php\/wp-json\/wp\/v2\/tags?post=5533"}],"curies":[{"name":"wp","href":"https:\/\/api.w.org\/{rel}","templated":true}]}}