{"id":5610,"date":"2015-02-23T23:43:34","date_gmt":"2015-02-23T22:43:34","guid":{"rendered":"http:\/\/www.cdu-kempen.de\/?p=5610"},"modified":"2015-02-23T23:43:34","modified_gmt":"2015-02-23T22:43:34","slug":"klares-ja-zum-denkmalschutz-nein-zum-beirat-und-pflegeplan","status":"publish","type":"post","link":"https:\/\/cdu-kempen.de\/index.php\/klares-ja-zum-denkmalschutz-nein-zum-beirat-und-pflegeplan\/","title":{"rendered":"Klares \u201eJa\u201c zum Denkmalschutz, \u201eNein\u201c zum Beirat und Pflegeplan"},"content":{"rendered":"<p><span style=\"color: #000000; font-family: Calibri;\">Die CDU-Fraktion bekr\u00e4ftigt ihre Haltung zum Denkmalschutz in Kempen.<\/span> <span style=\"color: #000000; font-family: Calibri;\">Wir werden f\u00fcr eine konsequente Fortsetzung behutsamer und notwendiger Sanierungen in Achtung des Denkmalschutzes eintreten. <\/span> <span style=\"color: #000000; font-family: Calibri;\">Dabei gilt es in ersten Linie, den denkmalwerten Charakter von Geb\u00e4uden oder Bereichen zu erhalten, gleichzeitig aber auch f\u00fcr eine sinnvolle und nachhaltige Nutzung Sorge zu tragen.<\/span> <span style=\"color: #000000; font-family: Calibri;\">Sanierungen und Weiterentwicklungen sind auch unter Achtung von Denkmalwertigkeit m\u00f6glich.<\/span> <span style=\"color: #000000; font-family: Calibri;\">\u00a0<\/span> <span style=\"color: #000000; font-family: Calibri;\">Die CDU-Fraktion hat wegen der Bedeutung des Denkmalschutzes der Bildung eines selbst\u00e4ndigen Denkmalausschusses zugestimmt.<\/span> <span style=\"color: #000000; font-family: Calibri;\">Unser Vorhaben, neben dem fr\u00fcheren gemeinsamen Bau- und Denkmalausschuss einen <b>Denkmalbeirat<\/b> zu bilden, haben wir aufgrund des von anderen Aufgaben losgel\u00f6sten und selbst\u00e4ndigen Denkmalausschuss aufgegeben.<\/span> <span style=\"color: #000000; font-family: Calibri;\">Die Forderung, neben diesem politisch legitimierten Ausschuss, einen weiteren Denkmalbeirat zu bilden, findet daher nicht unsere Unterst\u00fctzung.<\/span> <span style=\"color: #000000; font-family: Calibri;\">\u00a0<\/span> <span style=\"color: #000000; font-family: Calibri;\">Einzig legitimiertes Gremium ist der Ausschuss, der auch \u00fcber hinreichende Sachkompetenz verf\u00fcgt und diese bei Bedarf \u2013projektbezogen- durch Hinzuziehung von Sachverst\u00e4ndigen jederzeit erweitern und vertiefen kann.<\/span> <span style=\"color: #000000; font-family: Calibri;\">Die CDU-Fraktion wird sich der Verantwortung in diesem wie auch in anderen Aussch\u00fcssen sehr sorgf\u00e4ltig stellen.<\/span> <span style=\"color: #000000; font-family: Calibri;\">\u00a0<\/span> <span style=\"color: #000000; font-family: Calibri;\">Auch der Wunsch, einen <b>Denkmalpflegeplan<\/b> aufzustellen, findet nicht die Unterst\u00fctzung der CDU. Die Aufstellung eines Denkmalpflegeplans ist ein h\u00f6chst formelles Verfahren, das weitere Planungen in einem nicht zu vertretenem Umfang einschr\u00e4nken kann.<\/span> <span style=\"color: #000000; font-family: Calibri;\">Er wird nicht zum \u201eNulltarif\u201c zu haben sein, sondern im Gegenteil sehr viel Geld verschlingen und \u00fcber lange Zeit viel Arbeitskraft kosten.<\/span> <span style=\"color: #000000; font-family: Calibri;\">Die CDU verfolgt das Ziel, stattdessen projektbezogene \u201eTeilpl\u00e4ne\u201c zu erstellen, die sich nur mit anstehenden Ver\u00e4nderungen besch\u00e4ftigen.<\/span> <span style=\"color: #000000; font-family: Calibri;\">\u00a0<\/span> <span style=\"color: #000000; font-family: Calibri;\">Die CDUI-Fraktion stellt aber klar:<\/span> <span style=\"color: #000000; font-family: Calibri;\">Wir wollen keinesfalls die Aktivit\u00e4ten von B\u00fcrgergemeinschaften oder \u2013initiativen unterbinden.<\/span> <span style=\"color: #000000; font-family: Calibri;\">Wir begr\u00fc\u00dfen diese vielmehr ausdr\u00fccklich, da sie eine Form b\u00fcrgerschaftlichen Engagements sind.<\/span> <span style=\"color: #000000; font-family: Calibri;\">Zur Willensbildung in unserer Fraktion waren und sind wir immer bereit und willig, jederzeit das Gespr\u00e4ch mit Initiativen, Vertreter- und Interessensgruppen zu suchen.<\/span> <span style=\"color: #000000; font-family: Calibri;\">\u00a0<\/span> <span style=\"color: #000000; font-family: Calibri;\">\u00a0<\/span> <span style=\"color: #000000; font-family: Calibri;\">\u00a0<\/span><\/p>\n","protected":false},"excerpt":{"rendered":"<p>Die CDU-Fraktion bekr\u00e4ftigt ihre Haltung zum Denkmalschutz in Kempen.<br \/>\nWir werden f\u00fcr eine konsequente Fortsetzung behutsamer und notwendiger Sanierungen in Achtung des Denkmalschutzes eintreten.<br \/>\nDabei gilt es in ersten Linie, den denkmalwerten Charakter von Geb\u00e4uden oder Bereichen zu erhalten, gleichzeitig aber auch f\u00fcr eine sinnvolle und nachhaltige Nutzung Sorge zu tragen.<br \/>\nSanierungen und Weiterentwicklungen sind auch unter Achtung von Denkmalwertigkeit m\u00f6glich.<\/p>\n","protected":false},"author":1,"featured_media":0,"comment_status":"closed","ping_status":"closed","sticky":false,"template":"","format":"standard","meta":{"_et_pb_use_builder":"","_et_pb_old_content":"","_et_gb_content_width":"","footnotes":""},"categories":[6],"tags":[],"class_list":["post-5610","post","type-post","status-publish","format-standard","hentry","category-standpunkte"],"_links":{"self":[{"href":"https:\/\/cdu-kempen.de\/index.php\/wp-json\/wp\/v2\/posts\/5610"}],"collection":[{"href":"https:\/\/cdu-kempen.de\/index.php\/wp-json\/wp\/v2\/posts"}],"about":[{"href":"https:\/\/cdu-kempen.de\/index.php\/wp-json\/wp\/v2\/types\/post"}],"author":[{"embeddable":true,"href":"https:\/\/cdu-kempen.de\/index.php\/wp-json\/wp\/v2\/users\/1"}],"replies":[{"embeddable":true,"href":"https:\/\/cdu-kempen.de\/index.php\/wp-json\/wp\/v2\/comments?post=5610"}],"version-history":[{"count":0,"href":"https:\/\/cdu-kempen.de\/index.php\/wp-json\/wp\/v2\/posts\/5610\/revisions"}],"wp:attachment":[{"href":"https:\/\/cdu-kempen.de\/index.php\/wp-json\/wp\/v2\/media?parent=5610"}],"wp:term":[{"taxonomy":"category","embeddable":true,"href":"https:\/\/cdu-kempen.de\/index.php\/wp-json\/wp\/v2\/categories?post=5610"},{"taxonomy":"post_tag","embeddable":true,"href":"https:\/\/cdu-kempen.de\/index.php\/wp-json\/wp\/v2\/tags?post=5610"}],"curies":[{"name":"wp","href":"https:\/\/api.w.org\/{rel}","templated":true}]}}