{"id":5632,"date":"2015-03-30T00:01:05","date_gmt":"2015-03-29T23:01:05","guid":{"rendered":"http:\/\/www.cdu-kempen.de\/?p=5632"},"modified":"2015-03-30T00:01:05","modified_gmt":"2015-03-29T23:01:05","slug":"informationstermin-der-frauen-union-des-cdu-stadtverbandes-kempen","status":"publish","type":"post","link":"https:\/\/cdu-kempen.de\/index.php\/informationstermin-der-frauen-union-des-cdu-stadtverbandes-kempen\/","title":{"rendered":"Informationstermin der FU des CDU Stadtverbandes Kempen"},"content":{"rendered":"<p>Die Frauen Union des CDU Stadtverbandes Kempen hat das \u00dcbergangsheim f\u00fcr Asylsuchende \u201eVia Stenden\u201c in Kerken besucht.<br \/>\nMan hatte die Gelegenheit, sich vor Ort davon zu \u00fcberzeugen, mit welchem Engagement das \u00dcbergangsheim von Herrn Markus Jansen von der Bezirksregierung Arnsberg und seinem Team gef\u00fchrt wird.<br \/>\nHier finden die asylsuchenden Familien und Einzelpersonen eine qualifizierte Erstbetreuung, bevor sie nach dem K\u00f6nigssteiner Schl\u00fcssel auf die Kommunen NRW\u2019s verteilt werden.<\/p>\n<p><a href=\"http:\/\/cdu-kempen.de\/wp-content\/uploads\/2015\/03\/Die-Frauen-Union-des-CDU-Stadtverbandes-Kempen05.jpg\"><img loading=\"lazy\" decoding=\"async\" class=\"alignleft wp-image-5638 size-thumbnail\" src=\"http:\/\/cdu-kempen.de\/wp-content\/uploads\/2015\/03\/Die-Frauen-Union-des-CDU-Stadtverbandes-Kempen05-150x150.jpg\" alt=\"Die-Frauen-Union-des-CDU-Stadtverbandes-Kempen05\" width=\"150\" height=\"150\" \/><\/a> <a href=\"http:\/\/cdu-kempen.de\/wp-content\/uploads\/2015\/03\/Die-Frauen-Union-des-CDU-Stadtverbandes-Kempen04.jpg\"><img loading=\"lazy\" decoding=\"async\" class=\"alignleft wp-image-5637 size-thumbnail\" src=\"http:\/\/cdu-kempen.de\/wp-content\/uploads\/2015\/03\/Die-Frauen-Union-des-CDU-Stadtverbandes-Kempen04-150x150.jpg\" alt=\"Die-Frauen-Union-des-CDU-Stadtverbandes-Kempen04\" width=\"150\" height=\"150\" \/><\/a> <a href=\"http:\/\/cdu-kempen.de\/wp-content\/uploads\/2015\/03\/Die-Frauen-Union-des-CDU-Stadtverbandes-Kempen03.jpg\"><img loading=\"lazy\" decoding=\"async\" class=\"alignleft wp-image-5636 size-thumbnail\" src=\"http:\/\/cdu-kempen.de\/wp-content\/uploads\/2015\/03\/Die-Frauen-Union-des-CDU-Stadtverbandes-Kempen03-150x150.jpg\" alt=\"Die-Frauen-Union-des-CDU-Stadtverbandes-Kempen03\" width=\"150\" height=\"150\" \/><\/a> <a href=\"http:\/\/cdu-kempen.de\/wp-content\/uploads\/2015\/03\/Die-Frauen-Union-des-CDU-Stadtverbandes-Kempen02.jpg\"><img loading=\"lazy\" decoding=\"async\" class=\"alignleft wp-image-5635 size-thumbnail\" src=\"http:\/\/cdu-kempen.de\/wp-content\/uploads\/2015\/03\/Die-Frauen-Union-des-CDU-Stadtverbandes-Kempen02-150x150.jpg\" alt=\"Die-Frauen-Union-des-CDU-Stadtverbandes-Kempen02\" width=\"150\" height=\"150\" \/><\/a><a href=\"http:\/\/cdu-kempen.de\/wp-content\/uploads\/2015\/03\/Die-Frauen-Union-des-CDU-Stadtverbandes-Kempen01.jpg\"><img loading=\"lazy\" decoding=\"async\" class=\"alignleft wp-image-5634 size-thumbnail\" src=\"http:\/\/cdu-kempen.de\/wp-content\/uploads\/2015\/03\/Die-Frauen-Union-des-CDU-Stadtverbandes-Kempen01-150x150.jpg\" alt=\"Die-Frauen-Union-des-CDU-Stadtverbandes-Kempen01\" width=\"150\" height=\"150\" \/><\/a><\/p>\n","protected":false},"excerpt":{"rendered":"<p>FU hat das \u00dcbergangsheim f\u00fcr Asylsuchende \u201eVia Stenden\u201c in Kerken besucht. Man hatte die Gelegenheit, sich vor Ort davon zu \u00fcberzeugen, mit welchem Engagement das \u00dcbergangsheim von Herrn Markus Jansen von der Bezirksregierung Arnsberg und seinem Team gef\u00fchrt wird.<\/p>\n","protected":false},"author":1,"featured_media":0,"comment_status":"closed","ping_status":"closed","sticky":false,"template":"","format":"standard","meta":{"_et_pb_use_builder":"","_et_pb_old_content":"","_et_gb_content_width":"","footnotes":""},"categories":[5],"tags":[],"class_list":["post-5632","post","type-post","status-publish","format-standard","hentry","category-aktuelles"],"_links":{"self":[{"href":"https:\/\/cdu-kempen.de\/index.php\/wp-json\/wp\/v2\/posts\/5632"}],"collection":[{"href":"https:\/\/cdu-kempen.de\/index.php\/wp-json\/wp\/v2\/posts"}],"about":[{"href":"https:\/\/cdu-kempen.de\/index.php\/wp-json\/wp\/v2\/types\/post"}],"author":[{"embeddable":true,"href":"https:\/\/cdu-kempen.de\/index.php\/wp-json\/wp\/v2\/users\/1"}],"replies":[{"embeddable":true,"href":"https:\/\/cdu-kempen.de\/index.php\/wp-json\/wp\/v2\/comments?post=5632"}],"version-history":[{"count":0,"href":"https:\/\/cdu-kempen.de\/index.php\/wp-json\/wp\/v2\/posts\/5632\/revisions"}],"wp:attachment":[{"href":"https:\/\/cdu-kempen.de\/index.php\/wp-json\/wp\/v2\/media?parent=5632"}],"wp:term":[{"taxonomy":"category","embeddable":true,"href":"https:\/\/cdu-kempen.de\/index.php\/wp-json\/wp\/v2\/categories?post=5632"},{"taxonomy":"post_tag","embeddable":true,"href":"https:\/\/cdu-kempen.de\/index.php\/wp-json\/wp\/v2\/tags?post=5632"}],"curies":[{"name":"wp","href":"https:\/\/api.w.org\/{rel}","templated":true}]}}