{"id":5712,"date":"2015-07-09T21:37:35","date_gmt":"2015-07-09T20:37:35","guid":{"rendered":"http:\/\/www.cdu-kempen.de\/?p=5712"},"modified":"2015-07-09T21:37:35","modified_gmt":"2015-07-09T20:37:35","slug":"spendenaufruf-fuer-asylsuchende-im-uebergangsheim-via-stenden-in-kerken","status":"publish","type":"post","link":"https:\/\/cdu-kempen.de\/index.php\/spendenaufruf-fuer-asylsuchende-im-uebergangsheim-via-stenden-in-kerken\/","title":{"rendered":"Spendenaufruf f\u00fcr Asylsuchende in &#8222;Via Stenden&#8220; in Kerken"},"content":{"rendered":"<p>Spendenaufruf: Koffer, Taschen, Rucks\u00e4cke, Leinenbeutel und Herrenkleidung S &amp; M f\u00fcr Asylsuchende im\u00a0 \u00dcbergangsheim &#8222;Via Stenden&#8220; in Kerken<\/p>\n<p>Beim Besuch des \u00dcbergangsheims f\u00fcr Asylsuchende hat die Frauen Union des CDU Stadtverbandes Kempen festgestellt, dass ein gro\u00dfer Bedarf an Koffern, Reisetaschen, Rucks\u00e4cken und Einkaufsleinenbeuteln besteht. Ebenso fehlt Herrenkleidung in den Gr\u00f6\u00dfen S und M. In Absprache mit Frau Claudia Burghans, Einrichtungsleitung DRK Betreuungsdienste gGmbH, Zentrale Unterbringungseinrichtung Kerken-Stenden m\u00f6chten die Frauen Union\u00a0 ganz herzlich um eine Spende dieser Sachen bitten.<\/p>\n<p>Sie haben die M\u00f6glichkeit Ihre gebrauchten oder neuen Koffer, Reisetaschen, Rucks\u00e4cke und Einkaufsleinenbeutel, sowie Herrenkleidung in den Gr\u00f6\u00dfen S und M an folgenden Stellen abzugeben:<\/p>\n<p>In Kempen beim<br \/>\nSozialdienst Katholischer Frauen e.V. (SKF), Ellenstra\u00dfe 29,<br \/>\nTel. 02152 \/ 2387, Mo &#8211; Fr von 10.00 Uhr bis 12.00 Uhr.<\/p>\n<p>In St. Hubert bei der<br \/>\nG\u00e4rtnerei van der Bloemen, An Steinen 8, Tel. 02152 \/ 7122, Mo \u2013 Fr vom 08.00 bis 18.00 Uhr, Sa bis 13.00 Uhr.<\/p>\n<p>In T\u00f6nisberg im<br \/>\nKath. Pfarrheim, Bergstra\u00dfe 24,\u00a0 w\u00e4hrend der \u00d6ffnungszeit der Tafel. Jeden Montag von 14 \u2013 15.30 Uhr.<\/p>\n<p>Wenn Sie keine M\u00f6glichkeit haben, die Sachen zu bringen, k\u00f6nnen Sie sich sehr gerne in Verbindung setzen mit:<br \/>\nSteffi Beyss 02152 \/ 893 333 oder <span data-email-protect=\"dg{uuBefw\/mgorgp0fg\"><\/span><br \/>\noder<br \/>\nHeike H\u00f6ltken 02152 \/ 555 66 55 oder <span data-email-protect=\"jqgnvmgpBefw\/mgorgp0fg0\"><\/span><br \/>\nHerzlichen Dank f\u00fcr Ihre Bem\u00fchungen im Voraus.<\/p>\n<p><a href=\"http:\/\/cdu-kempen.de\/wp-content\/uploads\/2015\/07\/Spendenaufruf-Koffer-Taschen-R\u00fccks\u00e4cke-Herrenkleidung-S-M_Asylbewerber-Via-Stenden_07.2015.pdf\">Spendenaufruf &#8211; Koffer, Taschen, R\u00fccks\u00e4cke, Herrenkleidung S &amp; M_Asylbewerber Via Stenden_07.2015<\/a><\/p>\n","protected":false},"excerpt":{"rendered":"<p>Beim Besuch des \u00dcbergangsheims f\u00fcr Asylsuchende hat die Frauen Union des CDU Stadtverbandes Kempen festgestellt, dass ein gro\u00dfer Bedarf an Koffern, Reisetaschen, Rucks\u00e4cken und Einkaufsleinenbeuteln besteht. Ebenso fehlt Herrenkleidung in den Gr\u00f6\u00dfen S und M. <\/p>\n","protected":false},"author":1,"featured_media":0,"comment_status":"closed","ping_status":"closed","sticky":false,"template":"","format":"standard","meta":{"_et_pb_use_builder":"","_et_pb_old_content":"","_et_gb_content_width":"","footnotes":""},"categories":[5],"tags":[],"class_list":["post-5712","post","type-post","status-publish","format-standard","hentry","category-aktuelles"],"_links":{"self":[{"href":"https:\/\/cdu-kempen.de\/index.php\/wp-json\/wp\/v2\/posts\/5712"}],"collection":[{"href":"https:\/\/cdu-kempen.de\/index.php\/wp-json\/wp\/v2\/posts"}],"about":[{"href":"https:\/\/cdu-kempen.de\/index.php\/wp-json\/wp\/v2\/types\/post"}],"author":[{"embeddable":true,"href":"https:\/\/cdu-kempen.de\/index.php\/wp-json\/wp\/v2\/users\/1"}],"replies":[{"embeddable":true,"href":"https:\/\/cdu-kempen.de\/index.php\/wp-json\/wp\/v2\/comments?post=5712"}],"version-history":[{"count":0,"href":"https:\/\/cdu-kempen.de\/index.php\/wp-json\/wp\/v2\/posts\/5712\/revisions"}],"wp:attachment":[{"href":"https:\/\/cdu-kempen.de\/index.php\/wp-json\/wp\/v2\/media?parent=5712"}],"wp:term":[{"taxonomy":"category","embeddable":true,"href":"https:\/\/cdu-kempen.de\/index.php\/wp-json\/wp\/v2\/categories?post=5712"},{"taxonomy":"post_tag","embeddable":true,"href":"https:\/\/cdu-kempen.de\/index.php\/wp-json\/wp\/v2\/tags?post=5712"}],"curies":[{"name":"wp","href":"https:\/\/api.w.org\/{rel}","templated":true}]}}