{"id":5826,"date":"2015-09-02T22:39:45","date_gmt":"2015-09-02T21:39:45","guid":{"rendered":"http:\/\/www.cdu-kempen.de\/?p=5826"},"modified":"2015-09-02T22:39:45","modified_gmt":"2015-09-02T21:39:45","slug":"die-frauen-union-der-cdu-hat-einen-neuen-vorstand-gewaehlt","status":"publish","type":"post","link":"https:\/\/cdu-kempen.de\/index.php\/die-frauen-union-der-cdu-hat-einen-neuen-vorstand-gewaehlt\/","title":{"rendered":"Die Frauen Union der CDU hat einen neuen Vorstand gew\u00e4hlt"},"content":{"rendered":"<p>Auf der Mitgliederversammlung der Frauen Union wurde Heike H\u00f6ltken als Vorsitzende wiedergew\u00e4hlt.<br \/>\nStellvertreter sind Jaqueline Hermes und Ellen Matoni. Steffi Beyss wurde als Schriftf\u00fchrerin in ihrem Amt best\u00e4tigt.<br \/>\nBeisitzer sind Claudia von den Driesch, Susanne Kranzusch, Dr. Birgit M\u00fcller-Kemler, Elvira Nolte, Hilde Platen und Ingrid Wallat.<br \/>\nHeike H\u00f6ltken konnte \u00fcber die zahlreichen Aktivit\u00e4ten der Frauen Union berichten. Im Mittelpunkt stand die Kofferspendenaktion und die weitere Unterst\u00fctzung f\u00fcr die Fl\u00fcchtlinge.<\/p>\n<p>Die Mitgliederversammlung fand in R\u00e4umen des Sozialdienstes katholischer Frauen e.V. auf der Ellenstra\u00dfe in Kempen statt.<br \/>\nFrau Margarete Mertens, Vorsitzende SKF und Frau Ines Lempa, Gesch\u00e4ftsf\u00fchrerin SKF haben \u00fcber die Arbeit und die Aufgaben des Sozialdienstes katholischer Frauen e.V. informiert.<br \/>\n<a href=\"http:\/\/cdu-kempen.de\/wp-content\/uploads\/2015\/09\/Die-Frauen-Union-der-CDU-hat-einen-neuen-Vorstand04.jpg\"><img loading=\"lazy\" decoding=\"async\" class=\"alignleft size-thumbnail wp-image-5831\" src=\"http:\/\/cdu-kempen.de\/wp-content\/uploads\/2015\/09\/Die-Frauen-Union-der-CDU-hat-einen-neuen-Vorstand04-150x150.jpg\" alt=\"Die Frauen Union der CDU hat einen neuen Vorstand04\" width=\"150\" height=\"150\" \/><\/a><\/p>\n<p><a href=\"http:\/\/cdu-kempen.de\/wp-content\/uploads\/2015\/09\/Die-Frauen-Union-der-CDU-hat-einen-neuen-Vorstand02.jpg\"><img loading=\"lazy\" decoding=\"async\" class=\"alignleft size-thumbnail wp-image-5830\" src=\"http:\/\/cdu-kempen.de\/wp-content\/uploads\/2015\/09\/Die-Frauen-Union-der-CDU-hat-einen-neuen-Vorstand02-150x150.jpg\" alt=\"Die Frauen Union der CDU hat einen neuen Vorstand02\" width=\"150\" height=\"150\" \/><\/a><\/p>\n<p><a href=\"http:\/\/cdu-kempen.de\/wp-content\/uploads\/2015\/09\/Die-Frauen-Union-der-CDU-hat-einen-neuen-Vorstand01.jpg\"><img loading=\"lazy\" decoding=\"async\" class=\"alignleft size-thumbnail wp-image-5829\" src=\"http:\/\/cdu-kempen.de\/wp-content\/uploads\/2015\/09\/Die-Frauen-Union-der-CDU-hat-einen-neuen-Vorstand01-150x150.jpg\" alt=\"Die Frauen Union der CDU hat einen neuen Vorstand01\" width=\"150\" height=\"150\" \/><\/a><\/p>\n<p><a href=\"http:\/\/cdu-kempen.de\/wp-content\/uploads\/2015\/09\/Die-Frauen-Union-der-CDU-hat-einen-neuen-Vorstand.jpg\"><img loading=\"lazy\" decoding=\"async\" class=\"alignleft size-thumbnail wp-image-5827\" src=\"http:\/\/cdu-kempen.de\/wp-content\/uploads\/2015\/09\/Die-Frauen-Union-der-CDU-hat-einen-neuen-Vorstand-150x150.jpg\" alt=\"Die Frauen Union der CDU hat einen neuen Vorstand\" width=\"150\" height=\"150\" \/><\/a><\/p>\n","protected":false},"excerpt":{"rendered":"<p>Auf der Mitgliederversammlung der Frauen Union wurde Heike H\u00f6ltken als Vorsitzende wiedergew\u00e4hlt.<br \/>\nStellvertreter sind Jaqueline Hermes und Ellen Matoni. Steffi Beyss wurde als Schriftf\u00fchrerin in ihrem Amt best\u00e4tigt.<\/p>\n","protected":false},"author":1,"featured_media":0,"comment_status":"closed","ping_status":"closed","sticky":false,"template":"","format":"standard","meta":{"_et_pb_use_builder":"","_et_pb_old_content":"","_et_gb_content_width":"","footnotes":""},"categories":[5],"tags":[],"class_list":["post-5826","post","type-post","status-publish","format-standard","hentry","category-aktuelles"],"_links":{"self":[{"href":"https:\/\/cdu-kempen.de\/index.php\/wp-json\/wp\/v2\/posts\/5826"}],"collection":[{"href":"https:\/\/cdu-kempen.de\/index.php\/wp-json\/wp\/v2\/posts"}],"about":[{"href":"https:\/\/cdu-kempen.de\/index.php\/wp-json\/wp\/v2\/types\/post"}],"author":[{"embeddable":true,"href":"https:\/\/cdu-kempen.de\/index.php\/wp-json\/wp\/v2\/users\/1"}],"replies":[{"embeddable":true,"href":"https:\/\/cdu-kempen.de\/index.php\/wp-json\/wp\/v2\/comments?post=5826"}],"version-history":[{"count":0,"href":"https:\/\/cdu-kempen.de\/index.php\/wp-json\/wp\/v2\/posts\/5826\/revisions"}],"wp:attachment":[{"href":"https:\/\/cdu-kempen.de\/index.php\/wp-json\/wp\/v2\/media?parent=5826"}],"wp:term":[{"taxonomy":"category","embeddable":true,"href":"https:\/\/cdu-kempen.de\/index.php\/wp-json\/wp\/v2\/categories?post=5826"},{"taxonomy":"post_tag","embeddable":true,"href":"https:\/\/cdu-kempen.de\/index.php\/wp-json\/wp\/v2\/tags?post=5826"}],"curies":[{"name":"wp","href":"https:\/\/api.w.org\/{rel}","templated":true}]}}