{"id":6025,"date":"2016-05-10T06:37:05","date_gmt":"2016-05-10T05:37:05","guid":{"rendered":"http:\/\/www.cdu-kempen.de\/?p=6025"},"modified":"2016-05-10T06:37:05","modified_gmt":"2016-05-10T05:37:05","slug":"mitgliederversammlung-des-cdu-ortsausschuss-kempen-sued","status":"publish","type":"post","link":"https:\/\/cdu-kempen.de\/index.php\/mitgliederversammlung-des-cdu-ortsausschuss-kempen-sued\/","title":{"rendered":"Mitgliederversammlung des CDU Ortsausschuss Kempen-S\u00fcd"},"content":{"rendered":"<p>Auf der Mitlgiederversammlung des CDU Ortsausschuss Kempen-S\u00fcd wurde Dr. Jochen Houben als Vorsitzender wieder gew\u00e4hlt, ebenso sein Stellvertreter Klaus Theissen. Weiterhin Schriftf\u00fchrer bleibt Horst G\u00f6rtz. <\/p>\n<p>Erg\u00e4nzt wird der Vorstand durch die Beisitzer Dominique Busch, Anne Claassen, Dr. Antonio Liepold, Thomas Rox, Hans Peter Smits und Michael Ulbricht. Dr. Houben freute sich, dass es mit Dominique Busch und Dr. Antonio Liepold zwei neue Mitglieder in der Vorstandsriege gibt. Damit kann die ehrenamtliche Arbeit auf mehrere Schultern verteilt werden.<br \/>\nNeben den Berichten zur Arbeit der vergangenen zwei Jahre stand  die Ehrung von Jubilaren an. Gleich drei Mitglieder, die seit 40 Jahren in der CDU sind, konnten an diesem Abend mit der Ehrenurkunde ausgezeichnet werden. Es handetl sich dabei um Frau Maria Pohl und Frau Elisabeth Weiand. Bernd Westermann war leider an diesem Abend ebenso verhindert, wie Kempens B\u00fcrgermeister Volker R\u00fcbo, der seit 25 Jahren in der CDU ist.<br \/>\nDie CDU-Stadtverbandsvorsitzende Rita Ulschmid berichtete aus der Arbeit des Stadtverbands. Hierbei wies sie auf die auch in diesem Jahr wieder stattfindende Burgturmbesteigung sowie auf die im Oktober stattfindende Mitgliederversammlung hin.<br \/>\nDiskutiert wurden auch die Haushaltsberatungen im Stadtrat. Dr. Houben, selbst Ratsmitglied der CDU, erkl\u00e4rte, dass das Haushaltsdefizit durch Entnahmen aus der R\u00fccklage der Stadt ausgeglichen werden musste. Gleichwohl lobte er die Arbeit des neuen Stadtk\u00e4mmerers J\u00f6rg Geulmann. Weitere Themen warer auch der Verbleib des Archivs in Kempen und die Planungen f\u00fcr einen eventuellen Rathausneubau, den B\u00fcrgermeister R\u00fcbo angeregt hat. Dr. Houben verwies darauf, dass der jetzige Rathausbau aus den 1960er-Jahren erhebliche Baum\u00e4ngel hat.<br \/>\nAuch in diesem Jahr plant der Ortsausschuss wieder die Durchf\u00fchrung des beliebten  Tr\u00f6delmarktes auf dem Emilie-Horten-Platz. Dar\u00fcber hinaus soll es eine B\u00fcrgerversammlung zur Kanalsanierung im Blatendoop geben, da damit teilweise erhebliche Belastungen auf die Anwohner zukommen. Ganz spontan kam die Idee auf, zu Fertigstellung des neuen Gr\u00fcnangers an der Kreuzkapelle ein Grillfest zu veranstalten.<\/p>\n<p>Foto: Die Mitglieder Maria Pohl (dritte von links) und<br \/>\nElisabeth Weiand (vierte von links) wurden f\u00fcr ihre 40 j\u00e4hrige Mitgliedschaft von der Kempener CDU-Vorsitzenden Rita Uhlenschmidt (links)<br \/>\nKlaus Theissen (zweiter von links) und dem wiedergew\u00e4hlten Ortsauschuss S\u00fcd Vorsitzenden Dr. Jochen Houben (rechts)<\/p>\n","protected":false},"excerpt":{"rendered":"<p>Auf der Mitlgiederversammlung des CDU Ortsausschuss Kempen-S\u00fcd wurde Dr. Jochen Houben als Vorsitzender wieder gew\u00e4hlt, ebenso sein Stellvertreter Klaus Theissen. Weiterhin Schriftf\u00fchrer bleibt Horst G\u00f6rtz.<\/p>\n","protected":false},"author":1,"featured_media":0,"comment_status":"closed","ping_status":"closed","sticky":false,"template":"","format":"standard","meta":{"_et_pb_use_builder":"","_et_pb_old_content":"","_et_gb_content_width":"","footnotes":""},"categories":[5],"tags":[],"class_list":["post-6025","post","type-post","status-publish","format-standard","hentry","category-aktuelles"],"_links":{"self":[{"href":"https:\/\/cdu-kempen.de\/index.php\/wp-json\/wp\/v2\/posts\/6025"}],"collection":[{"href":"https:\/\/cdu-kempen.de\/index.php\/wp-json\/wp\/v2\/posts"}],"about":[{"href":"https:\/\/cdu-kempen.de\/index.php\/wp-json\/wp\/v2\/types\/post"}],"author":[{"embeddable":true,"href":"https:\/\/cdu-kempen.de\/index.php\/wp-json\/wp\/v2\/users\/1"}],"replies":[{"embeddable":true,"href":"https:\/\/cdu-kempen.de\/index.php\/wp-json\/wp\/v2\/comments?post=6025"}],"version-history":[{"count":0,"href":"https:\/\/cdu-kempen.de\/index.php\/wp-json\/wp\/v2\/posts\/6025\/revisions"}],"wp:attachment":[{"href":"https:\/\/cdu-kempen.de\/index.php\/wp-json\/wp\/v2\/media?parent=6025"}],"wp:term":[{"taxonomy":"category","embeddable":true,"href":"https:\/\/cdu-kempen.de\/index.php\/wp-json\/wp\/v2\/categories?post=6025"},{"taxonomy":"post_tag","embeddable":true,"href":"https:\/\/cdu-kempen.de\/index.php\/wp-json\/wp\/v2\/tags?post=6025"}],"curies":[{"name":"wp","href":"https:\/\/api.w.org\/{rel}","templated":true}]}}