{"id":6033,"date":"2016-05-16T22:39:34","date_gmt":"2016-05-16T21:39:34","guid":{"rendered":"http:\/\/www.cdu-kempen.de\/?p=6033"},"modified":"2016-05-16T22:39:34","modified_gmt":"2016-05-16T21:39:34","slug":"cdu-ortsausschuss-st-hubert-stellt-sich-mit-jungem-team-neu-auf","status":"publish","type":"post","link":"https:\/\/cdu-kempen.de\/index.php\/cdu-ortsausschuss-st-hubert-stellt-sich-mit-jungem-team-neu-auf\/","title":{"rendered":"CDU-Ortsausschuss St. Hubert stellt sich mit jungem Team auf"},"content":{"rendered":"<p>Turnusgem\u00e4\u00df hat der Ortsausschuss St. Hubert der Christlich Demokratischen Union Kempen, am 28. April 2016 zur Mitgliederversammlung in den Landgasthof Poststuben geladen. Die Stadtverbandsvorsitzende Rita Ulschmid begr\u00fc\u00dfte im Namen der verhinderten Ortsausschussvorsitzenden Martina Smeets die zahlreich erschienenen Mitglieder. Die bisherige Vorsitzende Martina Smeets stand aus beruflichen Gr\u00fcnden nicht mehr zur Wahl. Im Namen des CDU-Stadtverbands dankte Rita Ulschmid der ausscheidenden Vorsitzenden und ihren Kollegen f\u00fcr die geleistete Arbeit in den vergangen Jahren.<br \/>\n<img loading=\"lazy\" decoding=\"async\" class=\"alignleft wp-image-6035 size-medium\" src=\"http:\/\/cdu-kempen.de\/wp-content\/uploads\/2016\/05\/2016-CDU-Ortsausschuss-St_-HubertCDU-Kempen1-300x188.jpg\" alt=\"2016-CDU-Ortsausschuss-St_ HubertCDU Kempen1\" width=\"300\" height=\"188\" \/><\/p>\n<p>Zur Wahl des ersten Vorsitzenden stand der 26-j\u00e4hrige Gero Scheiermann, der bereits seit dem Jahre 2014 die St. Huberter-Interessen als Mitglied des CDU-Stadtverbandsvorstands vertritt. Der geb\u00fcrtige St. Huberter ist berufliche an der Universit\u00e4t Duisburg-Essen als wissenschaftlicher Mitarbeiter t\u00e4tig und Vorsitzender der Jungen Union Kempen.<\/p>\n<p>Die Wahl des ersten Vorsitzenden erfolgte einstimmig. In seiner Antrittsrede betonte Scheiermann, wie wichtig es sei, die Interesse von Jung und Alt in die Gremien einzubinden und freute sich \u00fcber den neugew\u00e4hlten \u201eMehrgeneration-Vorstand\u201c, bestehend aus jungen und \u00e4lteren Erwachsenen.<br \/>\nDer bisherige stellvertretende Vorsitzende, Andr\u00e9 Wolters, wurde wiedergew\u00e4hlt. Als Schriftf\u00fchrer wurde Robert van der Bloemen und als sein Stellvertreter Tobias Robl einstimmig gew\u00e4hlt. Als Beisitzer fungieren Franz-Josef Becker, Martin Kujawa sowie die neuen Beisitzer Matthias Genenger und Marc Michael.<br \/>\nIm Rahmen der Mitgliederversammlung war auch der technischen Beigeordnete der Stadt Kempen, Stephan Kahl, zu Gast. Herr Kahl berichtete u. a. die Entwicklung und Erschlie\u00dfung des neuen Wohnbaugebiets An der M\u00fchle sowie \u00fcber die Sanierung der Bahnstra\u00dfe, das neue Seniorenpflegehaus Am Beyertzhof, den K\u00f6nigsh\u00fcttesee, den Spielplatz an der Bendenstra\u00dfe sowie \u00fcber die aktuelle Situation des Abbruchreifen Hauses am Hohenzollernplatz.<br \/>\nZum Abschluss der Versammlung hatte der neue Vorstand die Ehre, die Herren Werner Bovenschen, Bernd Knott, Walter Peeters und Dieter Reichel f\u00fcr ihre 40j\u00e4hrige Mitgliedschaft in der CDU zu begl\u00fcckw\u00fcnschen. Gr\u00fc\u00dfe gab es hierzu auch von der CDU-Bundesvorsitzende und Kanzlerin Dr. Angela Merkel, \u00fcber eine signierte Ehrenurkunde.<br \/>\nGezeichnet: Robert van der Bloemen<\/p>\n","protected":false},"excerpt":{"rendered":"<p>Turnusgem\u00e4\u00df hat der Ortsausschuss St. Hubert der Christlich Demokratischen Union Kempen, am 28. April 2016 zur Mitgliederversammlung in den Landgasthof Poststuben geladen. Die Stadtverbandsvorsitzende Rita Ulschmid begr\u00fc\u00dfte die zahlreich erschienenen Mitglieder.<\/p>\n","protected":false},"author":1,"featured_media":0,"comment_status":"closed","ping_status":"closed","sticky":false,"template":"","format":"standard","meta":{"_et_pb_use_builder":"","_et_pb_old_content":"","_et_gb_content_width":"","footnotes":""},"categories":[5],"tags":[],"class_list":["post-6033","post","type-post","status-publish","format-standard","hentry","category-aktuelles"],"_links":{"self":[{"href":"https:\/\/cdu-kempen.de\/index.php\/wp-json\/wp\/v2\/posts\/6033"}],"collection":[{"href":"https:\/\/cdu-kempen.de\/index.php\/wp-json\/wp\/v2\/posts"}],"about":[{"href":"https:\/\/cdu-kempen.de\/index.php\/wp-json\/wp\/v2\/types\/post"}],"author":[{"embeddable":true,"href":"https:\/\/cdu-kempen.de\/index.php\/wp-json\/wp\/v2\/users\/1"}],"replies":[{"embeddable":true,"href":"https:\/\/cdu-kempen.de\/index.php\/wp-json\/wp\/v2\/comments?post=6033"}],"version-history":[{"count":0,"href":"https:\/\/cdu-kempen.de\/index.php\/wp-json\/wp\/v2\/posts\/6033\/revisions"}],"wp:attachment":[{"href":"https:\/\/cdu-kempen.de\/index.php\/wp-json\/wp\/v2\/media?parent=6033"}],"wp:term":[{"taxonomy":"category","embeddable":true,"href":"https:\/\/cdu-kempen.de\/index.php\/wp-json\/wp\/v2\/categories?post=6033"},{"taxonomy":"post_tag","embeddable":true,"href":"https:\/\/cdu-kempen.de\/index.php\/wp-json\/wp\/v2\/tags?post=6033"}],"curies":[{"name":"wp","href":"https:\/\/api.w.org\/{rel}","templated":true}]}}