{"id":6109,"date":"2016-08-28T10:54:42","date_gmt":"2016-08-28T09:54:42","guid":{"rendered":"http:\/\/www.cdu-kempen.de\/?p=6109"},"modified":"2016-08-28T10:54:42","modified_gmt":"2016-08-28T09:54:42","slug":"familientroedelmarkt-der-cdu-kempen-sued","status":"publish","type":"post","link":"https:\/\/cdu-kempen.de\/index.php\/familientroedelmarkt-der-cdu-kempen-sued\/","title":{"rendered":"Familientr\u00f6delmarkt der CDU Kempen-S\u00fcd"},"content":{"rendered":"<p>Auch der diesj\u00e4hrige Familientr\u00f6delmarkt des OAS-S\u00fcd am letzten Sonntag in den Sommerferien war trotz der schlechten Wetterprognosen ein voller Erfolg. Besonders die Anwesenheit unseres Landtagsmitglieds, Dr. Marcus Optendrenk, der bei einem Rundgang \u00fcber den Platz mit zahlreichen B\u00fcrgern ins Gespr\u00e4ch kommen konnte, wurde allgemein positiv aufgenommen. Der OAS-S\u00fcd war, wie traditionell \u00fcblich, stark vertreten und k\u00fcmmerte sich zum Selbstkostenpreis um das leibliche Wohl der Anwesenden. Die Aussteller waren dieses Jahr besonders mit den Ums\u00e4tzen sehr zufrieden.<\/p>\n<p><img loading=\"lazy\" decoding=\"async\" class=\"alignleft wp-image-6111 size-medium\" src=\"http:\/\/cdu-kempen.de\/wp-content\/uploads\/2016\/08\/2016-Familientroedelmarkt-der-CDU-Kempen-Sued-01-300x225.jpg\" alt=\"2016-Familientroedelmarkt der CDU Kempen-Sued-01\" width=\"300\" height=\"225\" \/> <img loading=\"lazy\" decoding=\"async\" class=\"alignleft wp-image-6112 size-thumbnail\" src=\"http:\/\/cdu-kempen.de\/wp-content\/uploads\/2016\/08\/2016-Familientroedelmarkt-der-CDU-Kempen-Sued-02-150x150.jpg\" alt=\"2016-Familientroedelmarkt der CDU Kempen-Sued-02\" width=\"150\" height=\"150\" \/> <img loading=\"lazy\" decoding=\"async\" class=\"alignleft wp-image-6113 size-thumbnail\" src=\"http:\/\/cdu-kempen.de\/wp-content\/uploads\/2016\/08\/2016-Familientroedelmarkt-der-CDU-Kempen-Sued-03-150x150.jpg\" alt=\"2016-Familientroedelmarkt der CDU Kempen-Sued-03\" width=\"150\" height=\"150\" \/> <img loading=\"lazy\" decoding=\"async\" class=\"alignleft wp-image-6114 size-thumbnail\" src=\"http:\/\/cdu-kempen.de\/wp-content\/uploads\/2016\/08\/2016-Familientroedelmarkt-der-CDU-Kempen-Sued-04-150x150.jpg\" alt=\"2016-Familientroedelmarkt der CDU Kempen-Sued-04\" width=\"150\" height=\"150\" \/><\/p>\n","protected":false},"excerpt":{"rendered":"<p>Auch der diesj\u00e4hrige Familientr\u00f6delmarkt des OAS-S\u00fcd am letzten Sonntag in den Sommerferien war trotz der schlechten Wetterprognosen ein voller Erfolg<\/p>\n","protected":false},"author":1,"featured_media":0,"comment_status":"closed","ping_status":"closed","sticky":false,"template":"","format":"standard","meta":{"_et_pb_use_builder":"","_et_pb_old_content":"","_et_gb_content_width":"","footnotes":""},"categories":[5],"tags":[],"class_list":["post-6109","post","type-post","status-publish","format-standard","hentry","category-aktuelles"],"_links":{"self":[{"href":"https:\/\/cdu-kempen.de\/index.php\/wp-json\/wp\/v2\/posts\/6109"}],"collection":[{"href":"https:\/\/cdu-kempen.de\/index.php\/wp-json\/wp\/v2\/posts"}],"about":[{"href":"https:\/\/cdu-kempen.de\/index.php\/wp-json\/wp\/v2\/types\/post"}],"author":[{"embeddable":true,"href":"https:\/\/cdu-kempen.de\/index.php\/wp-json\/wp\/v2\/users\/1"}],"replies":[{"embeddable":true,"href":"https:\/\/cdu-kempen.de\/index.php\/wp-json\/wp\/v2\/comments?post=6109"}],"version-history":[{"count":0,"href":"https:\/\/cdu-kempen.de\/index.php\/wp-json\/wp\/v2\/posts\/6109\/revisions"}],"wp:attachment":[{"href":"https:\/\/cdu-kempen.de\/index.php\/wp-json\/wp\/v2\/media?parent=6109"}],"wp:term":[{"taxonomy":"category","embeddable":true,"href":"https:\/\/cdu-kempen.de\/index.php\/wp-json\/wp\/v2\/categories?post=6109"},{"taxonomy":"post_tag","embeddable":true,"href":"https:\/\/cdu-kempen.de\/index.php\/wp-json\/wp\/v2\/tags?post=6109"}],"curies":[{"name":"wp","href":"https:\/\/api.w.org\/{rel}","templated":true}]}}