{"id":6161,"date":"2016-11-03T01:07:11","date_gmt":"2016-11-03T00:07:11","guid":{"rendered":"http:\/\/www.cdu-kempen.de\/?p=6161"},"modified":"2016-11-03T01:07:11","modified_gmt":"2016-11-03T00:07:11","slug":"mitgliederversammlung-2016","status":"publish","type":"post","link":"https:\/\/cdu-kempen.de\/index.php\/mitgliederversammlung-2016\/","title":{"rendered":"Mitgliederversammlung 2016"},"content":{"rendered":"<p>Auf der Mitgliederversammlung des CDU Kempen am Donnerstag, den 27. Oktober 2016 im Kolpinghaus konnte die Kempener CDU-Vorsitzende Rita Ulschmid fast\u00a095 Parteimitglieder und G\u00e4ste begr\u00fc\u00dfen.<\/p>\n<p>Turnusm\u00e4\u00dfig\u00a0standen Vorstandswahlen an, wobei bereits im im Vorfeld klar war, dass der im November 2014 gew\u00e4hlte alte Vorstand sich erneut geschlossen zur Wahl stellte und es auch keine Gegenkandidaten geben w\u00fcrde.<\/p>\n<p>Rita Ulschmid gab in ihrem Bericht einen R\u00fcckblick auf ihre erste Amtszeit als Parteivorsitzende\u00a0und zeigte sich \u00fcber das Erreichte zufrieden. Die CDU hat in Kempen weiterhin an Qualit\u00e4t zugelegt und bei der Landratswahl im vorigen Jahr den CDU-Kandidaten und jetzigen Landrat Dr. Andreas Coenen nach Kr\u00e4ften unterst\u00fctzt. Die Vorsitzende gab auch schon einen Ausblick auf die k\u00fcnftige Arbeit des Parteivorstandes, bevor sie anschlie\u00dfend mit mehr als 90 Prozent der abgegebenen Stimmen wieder gew\u00e4hlte wurde. Fortgesetzt werden soll die gute Nachwuchsarbeit. Dass es dabei schon gut l\u00e4uft, zeigt die Wahl von einigen Mitgliedern der Jungen Union als Beisitzer in den erweiterten Vorstand. Einsetzen will sich die Kempener CDU f\u00fcr eine sinnvolle Folgenutzung der Burg, wenn das Kreisarchiv nach Viersen umgezogen ist. Weiterhin hofft man darauf, dass sich ein neues Hotel, nach M\u00f6glichkeit mit Tagungsr\u00e4umlichkeiten, realisieren l\u00e4sst und erwartet neue Erkenntnisse von einer laufenden Bedarfsabfrage bei Kempener Unternehmen.<\/p>\n<p>F\u00fcr die beiden Wahlen, die im\u00a0kommenden Jahr bevorstehen &#8211; im Mai 2017\u00a0die Landtagswahl und im September 2017 die Bundestagswahl &#8211; unterst\u00fctzen auch die Kempener Christdemokraten die Kandidaten, den Landtagsabgeordneten und Kreisvorsitzenden\u00a0Dr. Marcus Optendrenk und den Bundestagsabgeordneten Uwe Schummer, f\u00fcr deren Wiederwahl. Beide waren zur Mitgliederversammlung ins Kolpinghaus gekommen und nutzten die Gelegenheit, von\u00a0ihrer Arbeit in D\u00fcsseldorf und in Berlin zu berichten. Dabei dankten\u00a0sie auch den Parteifreunden f\u00fcr deren Unterst\u00fctzung.<\/p>\n<p>F\u00fcr das Wochenende 19.\/20. November 2016 k\u00fcndigte der Vorsitzende der CDU-Stadtratsfraktion, Wilfried Bogedain, eine Klausurtagung der Fraktion an. Auf der Tagesordnung stehen dort wichtige Themen wie Wohnungs- und Stra\u00dfenbau, die Zukunft der Burg, die Sanierung der Schulen sowie Stadtmarketing und Tourismus.<\/p>\n<p>Vor den Vorstandswahlen erfolgte die einstimmige Entlastung des\u00a0Vorstand durch die Versammlung.<\/p>\n<p>Die Vorstandwahlen ergaben folgendes Ergebnis:<\/p>\n<p>Vorsitzende bleibt f\u00fcr die kommenden zwei Jahre Rita Ulschmid, ihre Stellvertreter sind Gerd-Wilhelm St\u00fcckemann und Klaus Thei\u00dfen. Besonders hohe Zustimmung\u00a0erhielt Steffi Beyss als Schatzmeisterin, die\u00a0dieses Amt nunmehr bereits seit fast zehn Jahren inne hat. Gesch\u00e4ftsf\u00fchrer bleibt weiterhin Hans-Willi Schmitz.<\/p>\n<p>Beisitzer sind: Gregor Dahmen, Harald und Sebastian Fierley, Horst G\u00f6rtz, Carsten H\u00f6ner, Philipp Kraft, Frank Lange, Tobias Robl, Gero Scheiermann, Maximilian Thelen und Stephan Wolters.\u00a0 Zu Kassenpr\u00fcfern sind Karl-Heinz Omsels und -neu &#8211; Thomas Rox gew\u00e4hlt worden.<\/p>\n<p><img loading=\"lazy\" decoding=\"async\" class=\"alignleft wp-image-6164 size-full\" src=\"http:\/\/cdu-kempen.de\/wp-content\/uploads\/2016\/11\/Junge-Beisitzer_Vorstand_ab_2016_10_27.jpg\" alt=\"junge-beisitzer_vorstand_ab_2016_10_27\" width=\"448\" height=\"336\" srcset=\"https:\/\/cdu-kempen.de\/wp-content\/uploads\/2016\/11\/Junge-Beisitzer_Vorstand_ab_2016_10_27.jpg 448w, https:\/\/cdu-kempen.de\/wp-content\/uploads\/2016\/11\/Junge-Beisitzer_Vorstand_ab_2016_10_27-327x245.jpg 327w\" sizes=\"(max-width: 448px) 100vw, 448px\" \/><br \/>\nvon links nach rechts:<br \/>\nGero Scheiermann<\/p>\n<p>Matthias Thelen Rita Ulschmid (Vorsitzende)<\/p>\n<p>Sebastian Fierley<\/p>\n<p>Tobias Robl<\/p>\n<p>&nbsp;<\/p>\n<p>&nbsp;<\/p>\n<p>&nbsp;<br \/>\n<img loading=\"lazy\" decoding=\"async\" class=\"alignleft wp-image-6163 size-medium\" src=\"http:\/\/cdu-kempen.de\/wp-content\/uploads\/2016\/11\/GF-Vorstand_2016_Kaiser-300x233.jpg\" alt=\"gf-vorstand_2016_kaiser\" width=\"300\" height=\"233\" \/> gesch\u00e4ftsf\u00fchrender Vorstand:<\/p>\n<p>Vorsitzende: Rita Ulschmid (mitte)<\/p>\n<p>stv. Vorsitzender: Gerd-Wilhelm St\u00fcckemann ( 1. von rechts)<\/p>\n<p>stv. Vorsitzender: Klaus Theissen (1. von links)<\/p>\n<p>Schatzmeisterin\u00a0: Stefanie Beyss (2. von rechts)<\/p>\n<p>Gesch\u00e4ftsf\u00fchrer : Hans-Willi Schmitz (2. von links)<\/p>\n","protected":false},"excerpt":{"rendered":"<p>Auf der Mitgliederversammlung des CDU Kempen am Donnerstag, den 27. Oktober 2016 im Kolpinghaus konnte die Kempener CDU-Vorsitzende Rita Ulschmid fast 95 Parteimitglieder und G\u00e4ste begr\u00fc\u00dfen.<\/p>\n<p>Turnusm\u00e4\u00dfig standen Vorstandswahlen an, wobei bereits im im Vorfeld klar war, dass der im November 2014 gew\u00e4hlte alte Vorstand sich erneut geschlossen zur Wahl stellte und es auch keine Gegenkandidaten geben w\u00fcrde.<\/p>\n","protected":false},"author":1,"featured_media":0,"comment_status":"closed","ping_status":"closed","sticky":false,"template":"","format":"standard","meta":{"_et_pb_use_builder":"","_et_pb_old_content":"","_et_gb_content_width":"","footnotes":""},"categories":[5],"tags":[],"class_list":["post-6161","post","type-post","status-publish","format-standard","hentry","category-aktuelles"],"_links":{"self":[{"href":"https:\/\/cdu-kempen.de\/index.php\/wp-json\/wp\/v2\/posts\/6161"}],"collection":[{"href":"https:\/\/cdu-kempen.de\/index.php\/wp-json\/wp\/v2\/posts"}],"about":[{"href":"https:\/\/cdu-kempen.de\/index.php\/wp-json\/wp\/v2\/types\/post"}],"author":[{"embeddable":true,"href":"https:\/\/cdu-kempen.de\/index.php\/wp-json\/wp\/v2\/users\/1"}],"replies":[{"embeddable":true,"href":"https:\/\/cdu-kempen.de\/index.php\/wp-json\/wp\/v2\/comments?post=6161"}],"version-history":[{"count":0,"href":"https:\/\/cdu-kempen.de\/index.php\/wp-json\/wp\/v2\/posts\/6161\/revisions"}],"wp:attachment":[{"href":"https:\/\/cdu-kempen.de\/index.php\/wp-json\/wp\/v2\/media?parent=6161"}],"wp:term":[{"taxonomy":"category","embeddable":true,"href":"https:\/\/cdu-kempen.de\/index.php\/wp-json\/wp\/v2\/categories?post=6161"},{"taxonomy":"post_tag","embeddable":true,"href":"https:\/\/cdu-kempen.de\/index.php\/wp-json\/wp\/v2\/tags?post=6161"}],"curies":[{"name":"wp","href":"https:\/\/api.w.org\/{rel}","templated":true}]}}