{"id":6203,"date":"2016-12-18T00:17:15","date_gmt":"2016-12-17T23:17:15","guid":{"rendered":"http:\/\/www.cdu-kempen.de\/?p=6203"},"modified":"2016-12-18T00:17:15","modified_gmt":"2016-12-17T23:17:15","slug":"weihnachtsgruss-2016-cdu","status":"publish","type":"post","link":"https:\/\/cdu-kempen.de\/index.php\/weihnachtsgruss-2016-cdu\/","title":{"rendered":"Weihnachtsgru\u00df 2016"},"content":{"rendered":"<p>Mit diesem Zitat von Roswitha Bloch w\u00fcnscht der Vorstand der CDU Kempen Ihnen und Ihren Familien ein frohes und friedliches Weihnachtsfest.<\/p>\n<p>Gleichzeitig m\u00f6chten wir uns ganz herzlich f\u00fcr die gute Zusammenarbeit im vergangenen Jahr bedanken und w\u00fcnschen Ihnen von ganzem Herzen Gesundheit und viel Erfolg f\u00fcr das Jahr 2017.<\/p>\n<p>Ihre Rita Ulschmid CDU-Stadtverbandsvorsitzende<\/p>\n","protected":false},"excerpt":{"rendered":"<p>Mit diesem Zitat von Roswitha Bloch w\u00fcnscht der Vorstand der CDU Kempen Ihnen und Ihren Familien ein frohes und friedliches Weihnachtsfest. Gleichzeitig m\u00f6chten wir uns ganz herzlich f\u00fcr die gute Zusammenarbeit im vergangenen Jahr bedanken und w\u00fcnschen Ihnen von ganzem Herzen Gesundheit und viel Erfolg f\u00fcr das Jahr 2017.<\/p>\n<p>Ihre Rita Ulschmid CDU-Stadtverbandsvorsitzende<\/p>\n","protected":false},"author":1,"featured_media":0,"comment_status":"closed","ping_status":"closed","sticky":false,"template":"","format":"standard","meta":{"_et_pb_use_builder":"","_et_pb_old_content":"","_et_gb_content_width":"","footnotes":""},"categories":[4],"tags":[],"class_list":["post-6203","post","type-post","status-publish","format-standard","hentry","category-allgemeines"],"_links":{"self":[{"href":"https:\/\/cdu-kempen.de\/index.php\/wp-json\/wp\/v2\/posts\/6203"}],"collection":[{"href":"https:\/\/cdu-kempen.de\/index.php\/wp-json\/wp\/v2\/posts"}],"about":[{"href":"https:\/\/cdu-kempen.de\/index.php\/wp-json\/wp\/v2\/types\/post"}],"author":[{"embeddable":true,"href":"https:\/\/cdu-kempen.de\/index.php\/wp-json\/wp\/v2\/users\/1"}],"replies":[{"embeddable":true,"href":"https:\/\/cdu-kempen.de\/index.php\/wp-json\/wp\/v2\/comments?post=6203"}],"version-history":[{"count":0,"href":"https:\/\/cdu-kempen.de\/index.php\/wp-json\/wp\/v2\/posts\/6203\/revisions"}],"wp:attachment":[{"href":"https:\/\/cdu-kempen.de\/index.php\/wp-json\/wp\/v2\/media?parent=6203"}],"wp:term":[{"taxonomy":"category","embeddable":true,"href":"https:\/\/cdu-kempen.de\/index.php\/wp-json\/wp\/v2\/categories?post=6203"},{"taxonomy":"post_tag","embeddable":true,"href":"https:\/\/cdu-kempen.de\/index.php\/wp-json\/wp\/v2\/tags?post=6203"}],"curies":[{"name":"wp","href":"https:\/\/api.w.org\/{rel}","templated":true}]}}