{"id":6236,"date":"2017-02-09T00:18:40","date_gmt":"2017-02-08T23:18:40","guid":{"rendered":"http:\/\/www.cdu-kempen.de\/?p=6236"},"modified":"2017-02-09T00:18:40","modified_gmt":"2017-02-08T23:18:40","slug":"stabwechsel-beim-cdu-ortsausschuss-kempen-mitte","status":"publish","type":"post","link":"https:\/\/cdu-kempen.de\/index.php\/stabwechsel-beim-cdu-ortsausschuss-kempen-mitte\/","title":{"rendered":"Stabwechsel beim CDU Ortsausschuss Kempen-Mitte"},"content":{"rendered":"<p>Auf der Mitgliederversammlung des Ortsausschusses Kempen-Mitte im CDU-Stadtverband Kempen haben die Mitglieder einen neuen Vorsitzenden gew\u00e4hlt. Frank Lange f\u00fchrt nun den Ortsausschuss. Frank Lange ist Mitglied im Jugendhilfeausschuss und im Ausschuss f\u00fcr Soziales und Senioren. Der bisherige Vorsitzende Hans-Willi Schmitz kandidierte aus beruflichen Gr\u00fcnden nicht mehr, bleibt dem Vorstand aber als Beisitzer erhalten. Auf diesem Foto von links nach rechts abgebildet:\u00a0 Jean-Paul Kamdem (Schriftf\u00fchrer); Frank Lange (Vorsitzender) und Harald Fierley (stv. Vorsitzender).<\/p>\n<p>Neuer stellvertretender Vorsitzender ist Harald Fierley. Zum Schriftf\u00fchrer wurde Jean-Paul Kamdem gew\u00e4hlt. Hans-Willi Schmitz freute sich vor allem, dass damit ein Mitglied mit Migrationshintergrund f\u00fcr die Mitarbeit im Vorstand gewonnen werden konnte. Dies sei eine gelungene Form der Integration. Zu weiteren Beisitzern wurden Gregor Dahmen, Dr. J\u00f6rg Gru\u00df, Sebastian Fierley, Carsten H\u00f6ner, Wolfgang Kaiser, Thomas Koervers, Susanne Kranzusch, Elvira Nolte, Sigrid Schrage und Stephan Wolters gew\u00e4hlt.<\/p>\n<p>Durch den neuen Vorsitzenden wurden Thomas Koervers und Klaus Wollersheim f\u00fcr 40j\u00e4hrige Mitgliedschaft in der CDU Kempen geehrt. Klaus Wollersheim war lange Jahre in verschiedenen Aussch\u00fcssen des Stadtrates.<\/p>\n<p>Im R\u00fcckblick auf das vergangene Jahr standen vor allem die Diskussion \u00fcber die weitere Nutzung der Burg und die L\u00f6sung der Fl\u00fcchtlingsunterbringung im Vordergrund, so Hans-Willi Schmitz. Im Vordergrund f\u00fcr die Arbeit im laufenden Jahr werden die anstehende Landtagswahl und im Herbst die Bundestagswahl stehen.<\/p>\n<p>Im Anschluss an die Vorstandswahlen hielt Josef Lamozik einen interessanten Vortrag von \u00fcber &#8222;Kempen \u2013 Im Wandel der Zeit&#8220; mit einer bildhaften Gegen\u00fcberstellung alter und neuer Ansichten der Stadt Kempen.<\/p>\n<p><img loading=\"lazy\" decoding=\"async\" class=\"alignleft size-thumbnail wp-image-6241\" src=\"http:\/\/cdu-kempen.de\/wp-content\/uploads\/2017\/02\/2017-CDU-Kempen4-150x150.jpg\" alt=\"\" width=\"150\" height=\"150\" \/> <img loading=\"lazy\" decoding=\"async\" class=\"alignleft size-thumbnail wp-image-6240\" src=\"http:\/\/cdu-kempen.de\/wp-content\/uploads\/2017\/02\/2017-CDU-Kempen3-150x150.jpg\" alt=\"\" width=\"150\" height=\"150\" \/> <img loading=\"lazy\" decoding=\"async\" class=\"alignleft size-thumbnail wp-image-6239\" src=\"http:\/\/cdu-kempen.de\/wp-content\/uploads\/2017\/02\/2017-CDU-Kempen2-150x150.jpg\" alt=\"\" width=\"150\" height=\"150\" \/> <img loading=\"lazy\" decoding=\"async\" class=\"alignleft size-thumbnail wp-image-6238\" src=\"http:\/\/cdu-kempen.de\/wp-content\/uploads\/2017\/02\/2017-CDU-Kempen1-150x150.jpg\" alt=\"\" width=\"150\" height=\"150\" \/><\/p>\n","protected":false},"excerpt":{"rendered":"<p>Auf der Mitgliederversammlung des Ortsausschusses Kempen-Mitte im CDU-Stadtverband Kempen haben die Mitglieder einen neuen Vorsitzenden gew\u00e4hlt. Frank Lange f\u00fchrt nun den Ortsausschuss. Frank Lange ist Mitglied im Jugendhilfeausschuss und im Ausschuss f\u00fcr Soziales und Senioren. <\/p>\n","protected":false},"author":1,"featured_media":0,"comment_status":"closed","ping_status":"closed","sticky":false,"template":"","format":"standard","meta":{"_et_pb_use_builder":"","_et_pb_old_content":"","_et_gb_content_width":"","footnotes":""},"categories":[5],"tags":[],"class_list":["post-6236","post","type-post","status-publish","format-standard","hentry","category-aktuelles"],"_links":{"self":[{"href":"https:\/\/cdu-kempen.de\/index.php\/wp-json\/wp\/v2\/posts\/6236"}],"collection":[{"href":"https:\/\/cdu-kempen.de\/index.php\/wp-json\/wp\/v2\/posts"}],"about":[{"href":"https:\/\/cdu-kempen.de\/index.php\/wp-json\/wp\/v2\/types\/post"}],"author":[{"embeddable":true,"href":"https:\/\/cdu-kempen.de\/index.php\/wp-json\/wp\/v2\/users\/1"}],"replies":[{"embeddable":true,"href":"https:\/\/cdu-kempen.de\/index.php\/wp-json\/wp\/v2\/comments?post=6236"}],"version-history":[{"count":0,"href":"https:\/\/cdu-kempen.de\/index.php\/wp-json\/wp\/v2\/posts\/6236\/revisions"}],"wp:attachment":[{"href":"https:\/\/cdu-kempen.de\/index.php\/wp-json\/wp\/v2\/media?parent=6236"}],"wp:term":[{"taxonomy":"category","embeddable":true,"href":"https:\/\/cdu-kempen.de\/index.php\/wp-json\/wp\/v2\/categories?post=6236"},{"taxonomy":"post_tag","embeddable":true,"href":"https:\/\/cdu-kempen.de\/index.php\/wp-json\/wp\/v2\/tags?post=6236"}],"curies":[{"name":"wp","href":"https:\/\/api.w.org\/{rel}","templated":true}]}}