{"id":6248,"date":"2017-02-22T22:39:13","date_gmt":"2017-02-22T21:39:13","guid":{"rendered":"http:\/\/www.cdu-kempen.de\/?p=6248"},"modified":"2017-02-22T22:39:13","modified_gmt":"2017-02-22T21:39:13","slug":"ausbildung-oder-studium","status":"publish","type":"post","link":"https:\/\/cdu-kempen.de\/index.php\/ausbildung-oder-studium\/","title":{"rendered":"AUSBILDUNG ODER STUDIUM?"},"content":{"rendered":"<p>Der heimische CDU-Bundestagsabgeordnete Uwe Schummer lud zusammen mit der Jungen Union des Kreises Viersen zur Podiumsdiskussion \u201eAusbildung vs. Studium = Heimat vs. Ferne?\u201c ein. Gemeinsam wurde mit Katrin Albsteiger MdB, stellv. Bundesvorsitzende der Jungen Union, Dr. Stefan Berger MdL, J\u00fcrgen Steinmetz, Hauptgesch\u00e4ftsf\u00fchrer der IHK Mittlerer Niederrhein, und Hennig Janssen, Studienleiter an der Fontys Hochschule in Venlo, in der Kempener Altstadtgastronomie \u201eFalko\u201c diskutiert. Sch\u00fcler, Jungpolitiker und Vertreter des CDU Stadtverbandes Kempen, waren als G\u00e4ste an diesem Abend gekommen.<br \/>\nPhilipp Heks, Vorsitzender der Jungen Union Kreis Viersen moderieret diese gelungene Veranstaltung.<\/p>\n<p>Welcher Weg ist der richtige? Eine duale Berufsausbildung oder ein Studium an einer Fachhochschule oder Universit\u00e4t?<br \/>\nJ\u00fcrgen Steinmetz betonte, dass eine Balance zwischen akademischer und beruflicher Bildung geschaffen werden muss. Die Unternehmen am Niederrhein haben schon jetzt Probleme, gen\u00fcgend Auszubildende und Fachkr\u00e4fte zu bekommen. Uwe Schummer, Bildungsexperte der CDU\/CSU-Bundestagsfraktion und Verfechter der dualen Berufsausbildung erg\u00e4nzte: \u201eEs ist ein Fehler, wenn nach dem Abitur nur ein Studium f\u00fcr die jungen Menschen in Frage kommt. Ich w\u00fcnsche mir eine intensivere und fr\u00fchere Berufsorientierung in den Schulen, damit Sch\u00fclerinnen und Sch\u00fcler besser entscheiden k\u00f6nnen, ob eine Ausbildung nicht doch der bessere Weg sein k\u00f6nnte.\u201c<\/p>\n<p>Immer mehr Sch\u00fclerinnen und Sch\u00fcler machen das Abitur und beginnen ein Studium. Katrin Albsteiger MdB, Mitglied im Ausschuss f\u00fcr Bildung und Forschung des Deutschen Bundestages betonte, dass es immer wichtiger werde, passgenaue Angebote zu finden, die sich an den eigenen St\u00e4rken und Interessen der jungen Erwachsenen orientieren. So k\u00f6nnte man auch die Zahl der Studienabbrecher reduzieren. Rund 30 Prozent der Studenten brechen ihr Bachelorstudium vorzeitig ab.<\/p>\n<p>Die anwesenden Sch\u00fclerinnen und Sch\u00fclern machten die Politiker drauf aufmerksam, dass die Berufsorientierung an den Schulen im Kreisgebiet zu w\u00fcnschen \u00fcbrigl\u00e4sst. Oft bezieht sich diese nur auf ein sp\u00e4teres Studium. Eine duale Berufsausbildung, die ebenfalls gute Karrierechancen bietet, finde nur wenig Beachtung.<\/p>\n<p>Alle Vertreter waren sich einig, dass gemeinsam etwas getan werden muss, um den jungen Menschen einen noch besseren und vor allem passenden Einstieg ins Berufsleben zu erm\u00f6glichen.<\/p>\n<p><img loading=\"lazy\" decoding=\"async\" class=\"alignleft size-thumbnail wp-image-6251\" src=\"http:\/\/cdu-kempen.de\/wp-content\/uploads\/2017\/02\/2017-CDU-Ausbildung-oder-Studium1-150x150.jpg\" alt=\"\" width=\"150\" height=\"150\" \/><\/p>\n","protected":false},"excerpt":{"rendered":"<p>Der heimische CDU-Bundestagsabgeordnete Uwe Schummer lud zusammen mit der Jungen Union des Kreises Viersen zur Podiumsdiskussion \u201eAusbildung vs. Studium = Heimat vs. Ferne?\u201c ein. Gemeinsam wurde mit Katrin Albsteiger MdB, stellv. Bundesvorsitzende der Jungen Union, Dr. Stefan Berger MdL, J\u00fcrgen Steinmetz, Hauptgesch\u00e4ftsf\u00fchrer der IHK Mittlerer Niederrhein, und Hennig Janssen, Studienleiter an der Fontys Hochschule in Venlo, in der Kempener Altstadtgastronomie \u201eFalko\u201c diskutiert. <\/p>\n","protected":false},"author":1,"featured_media":0,"comment_status":"closed","ping_status":"closed","sticky":false,"template":"","format":"standard","meta":{"_et_pb_use_builder":"","_et_pb_old_content":"","_et_gb_content_width":"","footnotes":""},"categories":[4],"tags":[],"class_list":["post-6248","post","type-post","status-publish","format-standard","hentry","category-allgemeines"],"_links":{"self":[{"href":"https:\/\/cdu-kempen.de\/index.php\/wp-json\/wp\/v2\/posts\/6248"}],"collection":[{"href":"https:\/\/cdu-kempen.de\/index.php\/wp-json\/wp\/v2\/posts"}],"about":[{"href":"https:\/\/cdu-kempen.de\/index.php\/wp-json\/wp\/v2\/types\/post"}],"author":[{"embeddable":true,"href":"https:\/\/cdu-kempen.de\/index.php\/wp-json\/wp\/v2\/users\/1"}],"replies":[{"embeddable":true,"href":"https:\/\/cdu-kempen.de\/index.php\/wp-json\/wp\/v2\/comments?post=6248"}],"version-history":[{"count":0,"href":"https:\/\/cdu-kempen.de\/index.php\/wp-json\/wp\/v2\/posts\/6248\/revisions"}],"wp:attachment":[{"href":"https:\/\/cdu-kempen.de\/index.php\/wp-json\/wp\/v2\/media?parent=6248"}],"wp:term":[{"taxonomy":"category","embeddable":true,"href":"https:\/\/cdu-kempen.de\/index.php\/wp-json\/wp\/v2\/categories?post=6248"},{"taxonomy":"post_tag","embeddable":true,"href":"https:\/\/cdu-kempen.de\/index.php\/wp-json\/wp\/v2\/tags?post=6248"}],"curies":[{"name":"wp","href":"https:\/\/api.w.org\/{rel}","templated":true}]}}