{"id":6274,"date":"2017-03-30T07:31:30","date_gmt":"2017-03-30T06:31:30","guid":{"rendered":"http:\/\/www.cdu-kempen.de\/?p=6274"},"modified":"2017-03-30T07:31:30","modified_gmt":"2017-03-30T06:31:30","slug":"butter-bei-die-fische-der-buttermarkttalk","status":"publish","type":"post","link":"https:\/\/cdu-kempen.de\/index.php\/butter-bei-die-fische-der-buttermarkttalk\/","title":{"rendered":"Butter bei die Fische \u2013 Der Buttermarkttalk"},"content":{"rendered":"<p>Junge Union Kempen-Grefrath f\u00f6rdert B\u00fcrgerdialog mit Verantwortlichen aus Politik und Verwaltung<\/p>\n<p>Mit der Veranstaltung \u201eButter bei die Fische \u2013 Der Buttermarkttalk\u201c hat die Junge Union Kempen \u2013 Grefrath in Kooperation mit dem CDU-Stadtverband Kempen am 24.03.2017 auf dem Buttermarkt interessierte B\u00fcrgerinnen und B\u00fcrger bei Kaffee und Tee ins Gespr\u00e4ch mit dem Landtagsabgeordneten Dr. Marcus Optendrenk gebracht. Dabei wurden sowohl kommunal- als auch landes- und bundespolitische Themen an den Landtagsabgeordneten gerichtet. Der Buttermarkttalk soll im Sommer weitergef\u00fchrt werden: \u201eDabei m\u00f6chten wir die f\u00fcr Kempen Verantwortlichen aus Politik und Verwaltung ins Gespr\u00e4ch mit den B\u00fcrgerinnen und B\u00fcrgern bringen und den B\u00fcrgerinnen und B\u00fcrgern eine neue M\u00f6glichkeit bieten, ihre Anregungen an die Verantwortlichen zu \u00e4u\u00dfern\u201c so der Vorsitzende der Jungen Union Kempen-Grefrath Gero Scheiermann.<\/p>\n<p>&nbsp;<\/p>\n<p><img loading=\"lazy\" decoding=\"async\" class=\"alignleft wp-image-6276\" src=\"http:\/\/cdu-kempen.de\/wp-content\/uploads\/2017\/03\/CDU-Kempen.jpg\" alt=\"\" width=\"500\" height=\"333\" srcset=\"https:\/\/cdu-kempen.de\/wp-content\/uploads\/2017\/03\/CDU-Kempen.jpg 1200w, https:\/\/cdu-kempen.de\/wp-content\/uploads\/2017\/03\/CDU-Kempen-368x245.jpg 368w, https:\/\/cdu-kempen.de\/wp-content\/uploads\/2017\/03\/CDU-Kempen-768x512.jpg 768w, https:\/\/cdu-kempen.de\/wp-content\/uploads\/2017\/03\/CDU-Kempen-1080x720.jpg 1080w\" sizes=\"(max-width: 500px) 100vw, 500px\" \/><\/p>\n","protected":false},"excerpt":{"rendered":"<p>Mit der Veranstaltung \u201eButter bei die Fische \u2013 Der Buttermarkttalk\u201c hat die Junge Union Kempen \u2013 Grefrath in Kooperation mit dem CDU-Stadtverband Kempen am 24.03.2017 auf dem Buttermarkt interessierte B\u00fcrgerinnen und B\u00fcrger bei Kaffee und Tee ins Gespr\u00e4ch mit dem Landtagsabgeordneten Dr. Marcus Optendrenk gebracht.<\/p>\n","protected":false},"author":1,"featured_media":0,"comment_status":"closed","ping_status":"closed","sticky":false,"template":"","format":"standard","meta":{"_et_pb_use_builder":"","_et_pb_old_content":"","_et_gb_content_width":"","footnotes":""},"categories":[5,7],"tags":[],"class_list":["post-6274","post","type-post","status-publish","format-standard","hentry","category-aktuelles","category-verschiedenes"],"_links":{"self":[{"href":"https:\/\/cdu-kempen.de\/index.php\/wp-json\/wp\/v2\/posts\/6274"}],"collection":[{"href":"https:\/\/cdu-kempen.de\/index.php\/wp-json\/wp\/v2\/posts"}],"about":[{"href":"https:\/\/cdu-kempen.de\/index.php\/wp-json\/wp\/v2\/types\/post"}],"author":[{"embeddable":true,"href":"https:\/\/cdu-kempen.de\/index.php\/wp-json\/wp\/v2\/users\/1"}],"replies":[{"embeddable":true,"href":"https:\/\/cdu-kempen.de\/index.php\/wp-json\/wp\/v2\/comments?post=6274"}],"version-history":[{"count":0,"href":"https:\/\/cdu-kempen.de\/index.php\/wp-json\/wp\/v2\/posts\/6274\/revisions"}],"wp:attachment":[{"href":"https:\/\/cdu-kempen.de\/index.php\/wp-json\/wp\/v2\/media?parent=6274"}],"wp:term":[{"taxonomy":"category","embeddable":true,"href":"https:\/\/cdu-kempen.de\/index.php\/wp-json\/wp\/v2\/categories?post=6274"},{"taxonomy":"post_tag","embeddable":true,"href":"https:\/\/cdu-kempen.de\/index.php\/wp-json\/wp\/v2\/tags?post=6274"}],"curies":[{"name":"wp","href":"https:\/\/api.w.org\/{rel}","templated":true}]}}