{"id":6286,"date":"2017-04-04T17:02:33","date_gmt":"2017-04-04T16:02:33","guid":{"rendered":"http:\/\/www.cdu-kempen.de\/?p=6286"},"modified":"2017-04-04T17:02:33","modified_gmt":"2017-04-04T16:02:33","slug":"haushalt-2017-verabschiedet","status":"publish","type":"post","link":"https:\/\/cdu-kempen.de\/index.php\/haushalt-2017-verabschiedet\/","title":{"rendered":"Haushalt 2017 verabschiedet"},"content":{"rendered":"<p>Mit den Stimmen der CDU-Fraktion hat der Rat in der Sitzung am 04.04.2017 den Haushalt 2017 verabschiedet. Trotz einer Deckungsl\u00fccke ist die CDU-Fraktion optimistisch, den Fehlbetrag im Laufe des Jahres ausgleichen zu k\u00f6nnen.<\/p>\n<p>Fraktionsvorsitzender Wilfried Bogedain betonte in seiner Haushaltsrede aber, dass ein konsequentes Festhalten am eingeschlagenen Sparkurs alternativlos ist. Der Schwerpunkt des Haushalts liegt bei der Sanierung der Schulen und dem Wohnungsbau. F\u00fcr die Schulsanierung stehen im Finanzplanungszeitraum mehr als 8 Mio. EUR zur Verf\u00fcgung.<\/p>\n<p>\u201eEin noch zu erarbeitendes Sanierungskonzept darf aber nicht aktuelle Bedarfe \u00fcberschatten\u201c, sagte W. Bogedain. \u201eAuch die Sch\u00fcler, die heute an den Schulen sind, haben beste Lernbedingungen verdient\u201c.<\/p>\n<p>Die CDU-Fraktion will eine leistungsf\u00e4hige WLAN-Ausstattung aller Schulen, und das m\u00f6glichst schnell, noch vor Beginn der Sanierungsarbeiten.<\/p>\n<p>In seiner weiteren Stellungnahme zum Haushalt unterstrich Bogedain f\u00fcr die CDU-Fraktion die Notwendigkeit des Ankaufs von drei B\u00fcrogeb\u00e4uden als zentrale Verwaltungsnebenstelle und begr\u00fc\u00dfte die ambitionierte Planung, in den n\u00e4chsten 10 Jahren mehr als 1000 neue Wohnungen zu schaffen.<\/p>\n<p><a href=\"http:\/\/cdu-kempen.de\/wp-content\/uploads\/2017\/04\/CDU-Haushaltsrede-2017.pdf\">CDU Haushaltsrede 2017<\/a><\/p>\n","protected":false},"excerpt":{"rendered":"<p>Mit den Stimmen der CDU-Fraktion hat der Rat in der Sitzung am 04.04.2017 den Haushalt 2017 verabschiedet. Trotz einer Deckungsl\u00fccke ist die CDU-Fraktion optimistisch, den Fehlbetrag im Laufe des Jahres ausgleichen zu k\u00f6nnen.<\/p>\n","protected":false},"author":1,"featured_media":0,"comment_status":"closed","ping_status":"closed","sticky":false,"template":"","format":"standard","meta":{"_et_pb_use_builder":"","_et_pb_old_content":"","_et_gb_content_width":"","footnotes":""},"categories":[4],"tags":[],"class_list":["post-6286","post","type-post","status-publish","format-standard","hentry","category-allgemeines"],"_links":{"self":[{"href":"https:\/\/cdu-kempen.de\/index.php\/wp-json\/wp\/v2\/posts\/6286"}],"collection":[{"href":"https:\/\/cdu-kempen.de\/index.php\/wp-json\/wp\/v2\/posts"}],"about":[{"href":"https:\/\/cdu-kempen.de\/index.php\/wp-json\/wp\/v2\/types\/post"}],"author":[{"embeddable":true,"href":"https:\/\/cdu-kempen.de\/index.php\/wp-json\/wp\/v2\/users\/1"}],"replies":[{"embeddable":true,"href":"https:\/\/cdu-kempen.de\/index.php\/wp-json\/wp\/v2\/comments?post=6286"}],"version-history":[{"count":0,"href":"https:\/\/cdu-kempen.de\/index.php\/wp-json\/wp\/v2\/posts\/6286\/revisions"}],"wp:attachment":[{"href":"https:\/\/cdu-kempen.de\/index.php\/wp-json\/wp\/v2\/media?parent=6286"}],"wp:term":[{"taxonomy":"category","embeddable":true,"href":"https:\/\/cdu-kempen.de\/index.php\/wp-json\/wp\/v2\/categories?post=6286"},{"taxonomy":"post_tag","embeddable":true,"href":"https:\/\/cdu-kempen.de\/index.php\/wp-json\/wp\/v2\/tags?post=6286"}],"curies":[{"name":"wp","href":"https:\/\/api.w.org\/{rel}","templated":true}]}}