{"id":6290,"date":"2017-04-05T23:58:02","date_gmt":"2017-04-05T22:58:02","guid":{"rendered":"http:\/\/www.cdu-kempen.de\/?p=6290"},"modified":"2017-04-05T23:58:02","modified_gmt":"2017-04-05T22:58:02","slug":"ehrung-fuer-65-jahre-mitgliedschaft-in-der-cdumaerz-2017","status":"publish","type":"post","link":"https:\/\/cdu-kempen.de\/index.php\/ehrung-fuer-65-jahre-mitgliedschaft-in-der-cdumaerz-2017\/","title":{"rendered":"Ehrung f\u00fcr 65 Jahre Mitgliedschaft in der CDU\t\tM\u00e4rz 2017"},"content":{"rendered":"<p>Josef Schmitz hatte gleich zwei Gr\u00fcnde zu feiern. Zum einen war es die Ehrung f\u00fcr 65 Jahre Mitgliedschaft in der CDU. Zu diesem ganz besonderen Anlass gratulierten die Stadtverbandsvorsitzende Rita Ulschmid und der OAS Vorsitzende Frank Lange mit gro\u00dfer Freude bei einem pers\u00f6nlichen Besuch. Sie bedanken sich ganz herzlich f\u00fcr die treue Verbundenheit zur CDU.<\/p>\n<p>Zum anderen feierte Herr Josef Schmitz seinen 85. Geburtstag. Hierzu w\u00fcnschte man alles Gute, Zufriedenheit und vor allem Gesundheit und noch viele sch\u00f6ne und gl\u00fcckliche Jahre im Kreise der Familie. Anschlie\u00dfend entstand ein lebhaftes Gespr\u00e4ch, Themen aus Partei, Fraktion und Privates. Herr Josef Schmitz ist in Kempen vielen bekannt<\/p>\n<p>\u201eDrogerie und Fotostudio Josef Schmitz, Peterstr.5\u201c<\/p>\n<p><img loading=\"lazy\" decoding=\"async\" class=\"alignleft size-full wp-image-6296\" src=\"http:\/\/cdu-kempen.de\/wp-content\/uploads\/2017\/04\/Josef-Schmitz1.jpg\" alt=\"\" width=\"500\" height=\"737\" srcset=\"https:\/\/cdu-kempen.de\/wp-content\/uploads\/2017\/04\/Josef-Schmitz1.jpg 500w, https:\/\/cdu-kempen.de\/wp-content\/uploads\/2017\/04\/Josef-Schmitz1-166x245.jpg 166w, https:\/\/cdu-kempen.de\/wp-content\/uploads\/2017\/04\/Josef-Schmitz1-488x720.jpg 488w\" sizes=\"(max-width: 500px) 100vw, 500px\" \/><\/p>\n","protected":false},"excerpt":{"rendered":"<p>Josef Schmitz hatte gleich zwei Gr\u00fcnde zu feiern. Zum einen war es die Ehrung f\u00fcr 65 Jahre Mitgliedschaft in der CDU. Zu diesem ganz besonderen Anlass gratulierten die Stadtverbandsvorsitzende Rita Ulschmid und der OAS Vorsitzende Frank Lange mit gro\u00dfer Freude bei einem pers\u00f6nlichen Besuch. <\/p>\n","protected":false},"author":1,"featured_media":0,"comment_status":"closed","ping_status":"closed","sticky":false,"template":"","format":"standard","meta":{"_et_pb_use_builder":"","_et_pb_old_content":"","_et_gb_content_width":"","footnotes":""},"categories":[5],"tags":[],"class_list":["post-6290","post","type-post","status-publish","format-standard","hentry","category-aktuelles"],"_links":{"self":[{"href":"https:\/\/cdu-kempen.de\/index.php\/wp-json\/wp\/v2\/posts\/6290"}],"collection":[{"href":"https:\/\/cdu-kempen.de\/index.php\/wp-json\/wp\/v2\/posts"}],"about":[{"href":"https:\/\/cdu-kempen.de\/index.php\/wp-json\/wp\/v2\/types\/post"}],"author":[{"embeddable":true,"href":"https:\/\/cdu-kempen.de\/index.php\/wp-json\/wp\/v2\/users\/1"}],"replies":[{"embeddable":true,"href":"https:\/\/cdu-kempen.de\/index.php\/wp-json\/wp\/v2\/comments?post=6290"}],"version-history":[{"count":0,"href":"https:\/\/cdu-kempen.de\/index.php\/wp-json\/wp\/v2\/posts\/6290\/revisions"}],"wp:attachment":[{"href":"https:\/\/cdu-kempen.de\/index.php\/wp-json\/wp\/v2\/media?parent=6290"}],"wp:term":[{"taxonomy":"category","embeddable":true,"href":"https:\/\/cdu-kempen.de\/index.php\/wp-json\/wp\/v2\/categories?post=6290"},{"taxonomy":"post_tag","embeddable":true,"href":"https:\/\/cdu-kempen.de\/index.php\/wp-json\/wp\/v2\/tags?post=6290"}],"curies":[{"name":"wp","href":"https:\/\/api.w.org\/{rel}","templated":true}]}}