{"id":6321,"date":"2017-05-03T06:22:47","date_gmt":"2017-05-03T05:22:47","guid":{"rendered":"http:\/\/www.cdu-kempen.de\/?p=6321"},"modified":"2017-05-03T06:22:47","modified_gmt":"2017-05-03T05:22:47","slug":"cdu-kandidat-dr-marcus-optendrenk-in-kempen-sued","status":"publish","type":"post","link":"https:\/\/cdu-kempen.de\/index.php\/cdu-kandidat-dr-marcus-optendrenk-in-kempen-sued\/","title":{"rendered":"CDU-Kandidat Dr. Marcus Optendrenk in Kempen-S\u00fcd"},"content":{"rendered":"<p>Im Rahmen des Wahlkampfes zur Landtagswahl am 14. Mai kam unser Landtagskandidat Dr. Marcus Optendrenk am\u00a0Samstag, den 29.04.2017 zum Ortsausschuss Kempen-S\u00fcd. Am dortigen Canvassing- \u00a0Stand vor dem Penny-Markt an der Vorster Str. diskutierte er mit interessierten B\u00fcrgern aus \u00a0dem Kempener S\u00fcden \u00fcber das Wahlprogramm\u00a0der CDU NRW und die bisherige Politik der Rot-Gr\u00fcnen Landesregierung.<\/p>\n","protected":false},"excerpt":{"rendered":"<p>Im Rahmen des Wahlkampfes zur Landtagswahl am 14. Mai kam unser Landtagskandidat Dr. Marcus Optendrenk am Samstag, den 29.04.2017 zum Ortsausschuss Kempen-S\u00fcd. Am dortigen Canvassing-  Stand vor dem Penny-Markt an der Vorster Str. diskutierte er mit interessierten B\u00fcrgern aus  dem Kempener S\u00fcden \u00fcber das Wahlprogramm der CDU NRW und die bisherige Politik der Rot-Gr\u00fcnen Landesregierung.<\/p>\n","protected":false},"author":1,"featured_media":0,"comment_status":"closed","ping_status":"closed","sticky":false,"template":"","format":"standard","meta":{"_et_pb_use_builder":"","_et_pb_old_content":"","_et_gb_content_width":"","footnotes":""},"categories":[5],"tags":[],"class_list":["post-6321","post","type-post","status-publish","format-standard","hentry","category-aktuelles"],"_links":{"self":[{"href":"https:\/\/cdu-kempen.de\/index.php\/wp-json\/wp\/v2\/posts\/6321"}],"collection":[{"href":"https:\/\/cdu-kempen.de\/index.php\/wp-json\/wp\/v2\/posts"}],"about":[{"href":"https:\/\/cdu-kempen.de\/index.php\/wp-json\/wp\/v2\/types\/post"}],"author":[{"embeddable":true,"href":"https:\/\/cdu-kempen.de\/index.php\/wp-json\/wp\/v2\/users\/1"}],"replies":[{"embeddable":true,"href":"https:\/\/cdu-kempen.de\/index.php\/wp-json\/wp\/v2\/comments?post=6321"}],"version-history":[{"count":0,"href":"https:\/\/cdu-kempen.de\/index.php\/wp-json\/wp\/v2\/posts\/6321\/revisions"}],"wp:attachment":[{"href":"https:\/\/cdu-kempen.de\/index.php\/wp-json\/wp\/v2\/media?parent=6321"}],"wp:term":[{"taxonomy":"category","embeddable":true,"href":"https:\/\/cdu-kempen.de\/index.php\/wp-json\/wp\/v2\/categories?post=6321"},{"taxonomy":"post_tag","embeddable":true,"href":"https:\/\/cdu-kempen.de\/index.php\/wp-json\/wp\/v2\/tags?post=6321"}],"curies":[{"name":"wp","href":"https:\/\/api.w.org\/{rel}","templated":true}]}}