{"id":6329,"date":"2017-05-08T21:56:24","date_gmt":"2017-05-08T20:56:24","guid":{"rendered":"http:\/\/www.cdu-kempen.de\/?p=6329"},"modified":"2017-05-08T21:56:24","modified_gmt":"2017-05-08T20:56:24","slug":"bundesfinanzminister-besucht-den-kreis-viersen","status":"publish","type":"post","link":"https:\/\/cdu-kempen.de\/index.php\/bundesfinanzminister-besucht-den-kreis-viersen\/","title":{"rendered":"Bundesfinanzminister besucht den Kreis Viersen"},"content":{"rendered":"<p>Klares Signal f\u00fcr Europa, klares Signal f\u00fcr NRW<br \/>\n\u201eIch m\u00f6chte nicht lange drum herum reden. Am Sonntag gewinnt die CDU die Wahl in Schleswig-Holstein und n\u00e4chste Woche auch hier in NRW\u201c, mit seinen ersten Worten im D\u00fclkener B\u00fcrgerhaus hatte Bundesfinanzminister Wolfgang Sch\u00e4uble den Applaus von ca. 300 CDU-Mitgliedern sowie zahlreichen interessierten B\u00fcrgerinnen und B\u00fcrgern schon zu Beginn seines Besuchs im Kreis Viersen auf seiner Seite.<br \/>\nWie bereits Jens Spahn einen Tag zuvor, unterstrich Sch\u00e4uble in einem 90-min\u00fctigen Vortrag zur Landes-, Bundes- und Europapolitik, dass es Deutschland gut gehe und nicht nur in Europa, sondern auf der gesamten Welt Menschen uns Deutsche f\u00fcr unsere Wirtschaftskraft, das Gesundheitssystem, die geringe Arbeitslosigkeit und den hohen Lebensstandard beneiden. \u201eWir alleine leben aber nicht auf einer Insel der Seligen. Diesen Wohlstand verdanken wir zu einem Gro\u00dfteil auch unseren Nachbarl\u00e4ndern und der gelungenen europ\u00e4ischen Kooperation. Zukunft geht nur mit Europa!\u201c, unterstrich Sch\u00e4uble. Um diesen Status zu erhalten, seien Investitionen in unsere Zukunft, genauer in das Bildungssystem und die Familien sowie die berechenbare und verl\u00e4ssliche Politik der Christdemokraten unerl\u00e4sslich.<br \/>\nKritik \u00fcbte der Finanzminister und ehemalige Innenminister am nordrhein-westf\u00e4lischen Innenminister Ralf J\u00e4ger. \u201eEs ist eine Schande, was Sie f\u00fcr einen Innenminister haben. Wenn der Innenminister seine Aufgaben nicht erf\u00fcllt und die Sicherheit der B\u00fcrger nicht gew\u00e4hrleisten kann, dann m\u00fcssen wir uns nicht wundern, dass die extremen Positionen in Deutschland lauter werden.\u201c<br \/>\nDer heimische Landtagsabgeordnete Stefan Berger verdeutlichte den Zuh\u00f6rern abschlie\u00dfend die Bedeutung der Bundestagswahl. \u201eDie Chance auf einen Regierungswechsel in NRW kommt nicht alle Tage. Wir haben jetzt die M\u00f6glichkeit etwas zu \u00e4ndern. Wir haben jetzt die M\u00f6glichkeit eine neue Regierung zu w\u00e4hlen und wir haben jetzt die M\u00f6glichkeit NRW sicherer, st\u00e4rker, schlauer und st\u00e4rker zu gestalten. Diese Chance m\u00fcssen wir nutzen!\u201c<\/p>\n","protected":false},"excerpt":{"rendered":"<p>Klares Signal f\u00fcr Europa, klares Signal f\u00fcr NRW<br \/>\n\u201eIch m\u00f6chte nicht lange drum herum reden. Am Sonntag gewinnt die CDU die Wahl in Schleswig-Holstein und n\u00e4chste Woche auch hier in NRW\u201c, mit seinen ersten Worten im D\u00fclkener B\u00fcrgerhaus hatte Bundesfinanzminister Wolfgang Sch\u00e4uble den Applaus von ca. 300 CDU-Mitgliedern sowie zahlreichen interessierten B\u00fcrgerinnen und B\u00fcrgern schon zu Beginn seines Besuchs im Kreis Viersen auf seiner Seite.<br \/>\nWie bereits Jens Spahn einen Tag zuvor, unterstrich Sch\u00e4uble in einem 90-min\u00fctigen Vortrag zur Landes-, Bundes- und Europapolitik, dass es Deutschland gut gehe und nicht nur in Europa, sondern auf der gesamten Welt Menschen uns Deutsche f\u00fcr unsere Wirtschaftskraft, das Gesundheitssystem, die geringe Arbeitslosigkeit und den hohen Lebensstandard beneiden. \u201eWir alleine leben aber nicht auf einer Insel der Seligen. Diesen Wohlstand verdanken wir zu einem Gro\u00dfteil auch unseren Nachbarl\u00e4ndern und der gelungenen europ\u00e4ischen Kooperation. Zukunft geht nur mit Europa!\u201c, unterstrich Sch\u00e4uble. Um diesen Status zu erhalten, seien Investitionen in unsere Zukunft, genauer in das Bildungssystem und die Familien sowie die berechenbare und verl\u00e4ssliche Politik der Christdemokraten unerl\u00e4sslich.<br \/>\nKritik \u00fcbte der Finanzminister und ehemalige Innenminister am nordrhein-westf\u00e4lischen Innenminister Ralf J\u00e4ger. \u201eEs ist eine Schande, was Sie f\u00fcr einen Innenminister haben. Wenn der Innenminister seine Aufgaben nicht erf\u00fcllt und die Sicherheit der B\u00fcrger nicht gew\u00e4hrleisten kann, dann m\u00fcssen wir uns nicht wundern, dass die extremen Positionen in Deutschland lauter werden.\u201c<br \/>\nDer heimische Landtagsabgeordnete Stefan Berger verdeutlichte den Zuh\u00f6rern abschlie\u00dfend die Bedeutung der Bundestagswahl. \u201eDie Chance auf einen Regierungswechsel in NRW kommt nicht alle Tage. Wir haben jetzt die M\u00f6glichkeit etwas zu \u00e4ndern. Wir haben jetzt die M\u00f6glichkeit eine neue Regierung zu w\u00e4hlen und wir haben jetzt die M\u00f6glichkeit NRW sicherer, st\u00e4rker, schlauer und st\u00e4rker zu gestalten. Diese Chance m\u00fcssen wir nutzen!\u201c<\/p>\n","protected":false},"author":1,"featured_media":0,"comment_status":"closed","ping_status":"closed","sticky":false,"template":"","format":"standard","meta":{"_et_pb_use_builder":"","_et_pb_old_content":"","_et_gb_content_width":"","footnotes":""},"categories":[5],"tags":[],"class_list":["post-6329","post","type-post","status-publish","format-standard","hentry","category-aktuelles"],"_links":{"self":[{"href":"https:\/\/cdu-kempen.de\/index.php\/wp-json\/wp\/v2\/posts\/6329"}],"collection":[{"href":"https:\/\/cdu-kempen.de\/index.php\/wp-json\/wp\/v2\/posts"}],"about":[{"href":"https:\/\/cdu-kempen.de\/index.php\/wp-json\/wp\/v2\/types\/post"}],"author":[{"embeddable":true,"href":"https:\/\/cdu-kempen.de\/index.php\/wp-json\/wp\/v2\/users\/1"}],"replies":[{"embeddable":true,"href":"https:\/\/cdu-kempen.de\/index.php\/wp-json\/wp\/v2\/comments?post=6329"}],"version-history":[{"count":0,"href":"https:\/\/cdu-kempen.de\/index.php\/wp-json\/wp\/v2\/posts\/6329\/revisions"}],"wp:attachment":[{"href":"https:\/\/cdu-kempen.de\/index.php\/wp-json\/wp\/v2\/media?parent=6329"}],"wp:term":[{"taxonomy":"category","embeddable":true,"href":"https:\/\/cdu-kempen.de\/index.php\/wp-json\/wp\/v2\/categories?post=6329"},{"taxonomy":"post_tag","embeddable":true,"href":"https:\/\/cdu-kempen.de\/index.php\/wp-json\/wp\/v2\/tags?post=6329"}],"curies":[{"name":"wp","href":"https:\/\/api.w.org\/{rel}","templated":true}]}}