{"id":6353,"date":"2017-07-28T18:56:47","date_gmt":"2017-07-28T17:56:47","guid":{"rendered":"http:\/\/www.cdu-kempen.de\/?p=6353"},"modified":"2017-07-28T18:56:47","modified_gmt":"2017-07-28T17:56:47","slug":"ju-bildungsfahrt-nach-berlin","status":"publish","type":"post","link":"https:\/\/cdu-kempen.de\/index.php\/ju-bildungsfahrt-nach-berlin\/","title":{"rendered":"JU Bildungsfahrt nach Berlin"},"content":{"rendered":"<p>Vom 22. bis 25.06.2017 veranstaltete die Junge Union Kempen-Grefrath ihre diesj\u00e4hrige Bildungsfahrt. Ziel war die Bundeshauptstadt Berlin. Vor Ort konnten die rund 30 Teilnehmer ein spannendes Programm erleben: Besuch des Bundesministeriums der Verteidigung, Treffen mit unserem Bundestagsabgeordneten Uwe Schummer mit F\u00fchrung durch den Bundestag, lobbykritische Stadtf\u00fchrung durch das Regierungsviertel, Besuch der Gedenkst\u00e4tte Berlin Hohensch\u00f6nhausen, ehemalige zentrale Untersuchungshaftanstalt der DDR von 1951-1989; sowie einen Vortrag \u00fcber die Wahlkampfstrategie von connect17.<br \/>\nDie Junge Union Kempen &#8211; Grefrath f\u00fchrt jedes Jahr eine Bildungsfahrt durch. Das Ziel f\u00fcr die n\u00e4chste Fahrt wird zum Jahresende festgelegt. Interessenten k\u00f6nnen sich gerne schon jetzt per E-Mail an <span data-email-protect=\"mqpvcmvBlw\/mgorgp0fg\"><\/span> melden.<\/p>\n","protected":false},"excerpt":{"rendered":"<p>Vom 22. bis 25.06.2017 veranstaltete die Junge Union Kempen-Grefrath ihre diesj\u00e4hrige Bildungsfahrt. Ziel war die Bundeshauptstadt Berlin.<\/p>\n","protected":false},"author":1,"featured_media":0,"comment_status":"closed","ping_status":"closed","sticky":false,"template":"","format":"standard","meta":{"_et_pb_use_builder":"","_et_pb_old_content":"","_et_gb_content_width":"","footnotes":""},"categories":[5],"tags":[],"class_list":["post-6353","post","type-post","status-publish","format-standard","hentry","category-aktuelles"],"_links":{"self":[{"href":"https:\/\/cdu-kempen.de\/index.php\/wp-json\/wp\/v2\/posts\/6353"}],"collection":[{"href":"https:\/\/cdu-kempen.de\/index.php\/wp-json\/wp\/v2\/posts"}],"about":[{"href":"https:\/\/cdu-kempen.de\/index.php\/wp-json\/wp\/v2\/types\/post"}],"author":[{"embeddable":true,"href":"https:\/\/cdu-kempen.de\/index.php\/wp-json\/wp\/v2\/users\/1"}],"replies":[{"embeddable":true,"href":"https:\/\/cdu-kempen.de\/index.php\/wp-json\/wp\/v2\/comments?post=6353"}],"version-history":[{"count":0,"href":"https:\/\/cdu-kempen.de\/index.php\/wp-json\/wp\/v2\/posts\/6353\/revisions"}],"wp:attachment":[{"href":"https:\/\/cdu-kempen.de\/index.php\/wp-json\/wp\/v2\/media?parent=6353"}],"wp:term":[{"taxonomy":"category","embeddable":true,"href":"https:\/\/cdu-kempen.de\/index.php\/wp-json\/wp\/v2\/categories?post=6353"},{"taxonomy":"post_tag","embeddable":true,"href":"https:\/\/cdu-kempen.de\/index.php\/wp-json\/wp\/v2\/tags?post=6353"}],"curies":[{"name":"wp","href":"https:\/\/api.w.org\/{rel}","templated":true}]}}