{"id":6368,"date":"2017-08-25T23:27:11","date_gmt":"2017-08-25T22:27:11","guid":{"rendered":"http:\/\/www.cdu-kempen.de\/?p=6368"},"modified":"2017-08-25T23:27:11","modified_gmt":"2017-08-25T22:27:11","slug":"bundestagspraesident-prof-dr-norbert-lammert-mdb","status":"publish","type":"post","link":"https:\/\/cdu-kempen.de\/index.php\/bundestagspraesident-prof-dr-norbert-lammert-mdb\/","title":{"rendered":"Bundestagspr\u00e4sident Prof. Dr. Norbert Lammert zu Besuch in Kempen"},"content":{"rendered":"<p>Im Rahmen des Wahlkampfs zur Bundestagswahl im September kam Bundestagspr\u00e4sident Dr. Lammert am vergangenen Mittwoch, 23.08.2017, zur Unterst\u00fctzung des CDU-Bundestagskandidaten Uwe Schummer ins Kempener Kolpinghaus. Die etwa 170 Anwesenden begr\u00fc\u00dften Dr. Lammert mit anhaltendem Applaus.<br \/>\nIn seiner Rede ging Lammert auf die politischen Herausforderungen ein, die Deutschland in den n\u00e4chsten Jahren bevorstehen. Dabei erinnerte er zwischendurch auch an die wichtigen historischen Ereignisse in Europa und betonte die rasanten Ver\u00e4nderungen im Zeitalter der Globalisierung. Nach seiner Auffassung steht die Welt vor gro\u00dfen Herausforderungen. Krisen in einzelnen L\u00e4ndern h\u00e4tten oft weltweite Auswirkungen, da die Abh\u00e4ngigkeit der Staaten untereinander stark gewachsen sei.<br \/>\nWeiter betonte er die gute Arbeit von CDU-Kandidat Uwe Schummer in Berlin einschlie\u00dflich dessen Engagement in der CDU-Parlamentariergruppe Nordrhein-Westfalen.<br \/>\nDie Anwesenden im Kolpingsaal waren begeistert von den treffenden Formulierungen seiner Rede und spendeten immer wieder reichlich Applaus.<br \/>\nZum Schluss warb Lammert ausdr\u00fccklich nicht nur f\u00fcr die Zustimmung zur Wahl von Uwe Schummer in den Bundestag und der CDU, sondern auch f\u00fcr die Wiederwahl von Angela Merkel zur Bundeskanzlerin.<\/p>\n","protected":false},"excerpt":{"rendered":"<p>Die Kempener CDU-Vorsitzende Rita Ulschmid begr\u00fc\u00dft Im Rahmen des Wahlkampfs zur Bundestagswahl im September kam Bundestagspr\u00e4sident Dr. Lammert am vergangenen Mittwoch, 23.08.2017, zur Unterst\u00fctzung des CDU-Bundestagskandidaten Uwe Schummer ins Kempener Kolpinghaus.<\/p>\n","protected":false},"author":1,"featured_media":0,"comment_status":"closed","ping_status":"closed","sticky":false,"template":"","format":"standard","meta":{"_et_pb_use_builder":"","_et_pb_old_content":"","_et_gb_content_width":"","footnotes":""},"categories":[5],"tags":[],"class_list":["post-6368","post","type-post","status-publish","format-standard","hentry","category-aktuelles"],"_links":{"self":[{"href":"https:\/\/cdu-kempen.de\/index.php\/wp-json\/wp\/v2\/posts\/6368"}],"collection":[{"href":"https:\/\/cdu-kempen.de\/index.php\/wp-json\/wp\/v2\/posts"}],"about":[{"href":"https:\/\/cdu-kempen.de\/index.php\/wp-json\/wp\/v2\/types\/post"}],"author":[{"embeddable":true,"href":"https:\/\/cdu-kempen.de\/index.php\/wp-json\/wp\/v2\/users\/1"}],"replies":[{"embeddable":true,"href":"https:\/\/cdu-kempen.de\/index.php\/wp-json\/wp\/v2\/comments?post=6368"}],"version-history":[{"count":0,"href":"https:\/\/cdu-kempen.de\/index.php\/wp-json\/wp\/v2\/posts\/6368\/revisions"}],"wp:attachment":[{"href":"https:\/\/cdu-kempen.de\/index.php\/wp-json\/wp\/v2\/media?parent=6368"}],"wp:term":[{"taxonomy":"category","embeddable":true,"href":"https:\/\/cdu-kempen.de\/index.php\/wp-json\/wp\/v2\/categories?post=6368"},{"taxonomy":"post_tag","embeddable":true,"href":"https:\/\/cdu-kempen.de\/index.php\/wp-json\/wp\/v2\/tags?post=6368"}],"curies":[{"name":"wp","href":"https:\/\/api.w.org\/{rel}","templated":true}]}}