{"id":6389,"date":"2017-09-18T00:19:07","date_gmt":"2017-09-17T23:19:07","guid":{"rendered":"http:\/\/www.cdu-kempen.de\/?p=6389"},"modified":"2017-11-08T14:57:20","modified_gmt":"2017-11-08T14:57:20","slug":"traditioneller-troedelmarkt-des-cdu-ortsausschuss-kempen-sued","status":"publish","type":"post","link":"https:\/\/cdu-kempen.de\/index.php\/traditioneller-troedelmarkt-des-cdu-ortsausschuss-kempen-sued\/","title":{"rendered":"Traditioneller Tr\u00f6delmarkt des CDU Ortsausschuss Kempen-S\u00fcd"},"content":{"rendered":"<p>Unser CDU-Kandidat f\u00fcr die Bundestagswahl am 24.09.2017, Uwe Schummer, nutzte die Gelegenheit bei einem Rundgang \u00fcber den Platz mit den zahlreichen B\u00fcrgern ins Gespr\u00e4ch zu kommen.<\/p>\n<p>Wie \u00fcblich war der CDU OAS Kempen-S\u00fcd stark vertreten und k\u00fcmmerte sich zum Selbstkostenpreis um das leibliche Wohl der Anwesenden.<\/p>\n<p>An dieser Stelle vielen Dank allen Teilnehmern und Besuchern, allen Helfern und Helferinnen, und unserem Uwe Schummer viel Erfolg am kommenden Sonntag!!<\/p>\n<p><img loading=\"lazy\" decoding=\"async\" class=\"alignleft size-medium wp-image-6391\" src=\"http:\/\/cdu-kempen.de\/wp-content\/uploads\/2017\/09\/2017-CDU-Kempen-tr\u00f6del-1-300x200.jpg\" alt=\"\" width=\"300\" height=\"200\" \/><\/p>\n<p><img loading=\"lazy\" decoding=\"async\" class=\"alignleft size-medium wp-image-6392\" src=\"http:\/\/cdu-kempen.de\/wp-content\/uploads\/2017\/09\/2017-CDU-Kempen-tr\u00f6del-2-300x200.jpg\" alt=\"\" width=\"300\" height=\"200\" \/><\/p>\n<p><img loading=\"lazy\" decoding=\"async\" class=\"alignleft size-medium wp-image-6393\" src=\"http:\/\/cdu-kempen.de\/wp-content\/uploads\/2017\/09\/2017-CDU-Kempen-tr\u00f6del-3-300x200.jpg\" alt=\"\" width=\"300\" height=\"200\" \/><\/p>\n","protected":false},"excerpt":{"rendered":"<p>Bei trockenem Wetter fand der diesj\u00e4hrige traditionelle Tr\u00f6delmarkt des CDU Ortsausschuss Kempen-S\u00fcd am Sonntag, den 10.09.2017,auf dem Parkplatz an der Vorster Stra\u00dfe statt.<\/p>\n","protected":false},"author":1,"featured_media":6390,"comment_status":"closed","ping_status":"closed","sticky":false,"template":"","format":"standard","meta":{"_et_pb_use_builder":"","_et_pb_old_content":"","_et_gb_content_width":"","footnotes":""},"categories":[5],"tags":[],"class_list":["post-6389","post","type-post","status-publish","format-standard","has-post-thumbnail","hentry","category-aktuelles"],"_links":{"self":[{"href":"https:\/\/cdu-kempen.de\/index.php\/wp-json\/wp\/v2\/posts\/6389"}],"collection":[{"href":"https:\/\/cdu-kempen.de\/index.php\/wp-json\/wp\/v2\/posts"}],"about":[{"href":"https:\/\/cdu-kempen.de\/index.php\/wp-json\/wp\/v2\/types\/post"}],"author":[{"embeddable":true,"href":"https:\/\/cdu-kempen.de\/index.php\/wp-json\/wp\/v2\/users\/1"}],"replies":[{"embeddable":true,"href":"https:\/\/cdu-kempen.de\/index.php\/wp-json\/wp\/v2\/comments?post=6389"}],"version-history":[{"count":1,"href":"https:\/\/cdu-kempen.de\/index.php\/wp-json\/wp\/v2\/posts\/6389\/revisions"}],"predecessor-version":[{"id":6457,"href":"https:\/\/cdu-kempen.de\/index.php\/wp-json\/wp\/v2\/posts\/6389\/revisions\/6457"}],"wp:featuredmedia":[{"embeddable":true,"href":"https:\/\/cdu-kempen.de\/index.php\/wp-json\/wp\/v2\/media\/6390"}],"wp:attachment":[{"href":"https:\/\/cdu-kempen.de\/index.php\/wp-json\/wp\/v2\/media?parent=6389"}],"wp:term":[{"taxonomy":"category","embeddable":true,"href":"https:\/\/cdu-kempen.de\/index.php\/wp-json\/wp\/v2\/categories?post=6389"},{"taxonomy":"post_tag","embeddable":true,"href":"https:\/\/cdu-kempen.de\/index.php\/wp-json\/wp\/v2\/tags?post=6389"}],"curies":[{"name":"wp","href":"https:\/\/api.w.org\/{rel}","templated":true}]}}