{"id":6421,"date":"2017-10-28T22:22:57","date_gmt":"2017-10-28T21:22:57","guid":{"rendered":"http:\/\/www.cdu-kempen.de\/?p=6421"},"modified":"2017-11-08T14:42:11","modified_gmt":"2017-11-08T14:42:11","slug":"nrw-verkehrsminister-hendrik-wuest-bei-der-kempener-cdu","status":"publish","type":"post","link":"https:\/\/cdu-kempen.de\/index.php\/nrw-verkehrsminister-hendrik-wuest-bei-der-kempener-cdu\/","title":{"rendered":"NRW-Verkehrsminister Hendrik W\u00fcst bei der Kempener CDU"},"content":{"rendered":"<p>Auf Einladung der Kempener CDU stellte sich der neue NRW-Verkehrsminister Hendrik W\u00fcst auf der offenen Mitgliederversammlung den Fragen der Parteimitglieder sowie den G\u00e4sten aus Kempen und dem Kreis Viersen.<br \/>\nIn einem ausf\u00fchrlichen Vortrag stellte er die aktuelle Lage auf Stra\u00dfe und Schiene in NRW vor sowie die Ma\u00dfnahmen, mit denen die Landesregierung die Probleme anpackt oder noch anpacken wird.<br \/>\nDar\u00fcber hinaus ging Hendrik W\u00fcst auch auf die f\u00fcr Kempen relevanten Probleme ein wie beispielsweise die Rheinbr\u00fccke der A40 in Duisburg oder die A57 insbesondere zwischen den Autobahnkreuzen Moers und Kaarst.<br \/>\nIm Mittelpunkt des Interesses standen nat\u00fcrlich die Probleme mit dem Niers-Express (RE10) zwischen Kleve und D\u00fcsseldorf. Auf dieser Strecke gibt es verschiedene Probleme, die nicht allein dem Betreiber, der Nordwestbahn, anzulasten sind, sondern insbesondere im technischen Bereich liegen, f\u00fcr die die Deutsche Bahn zust\u00e4ndig ist. Markus Optendrenk, CDU-Landtagsabgeordneter, verwies in der Diskussion darauf, das \u00e4hnliche Probleme auf der Bahnstrecke zwischen Venlo \u00fcber Viersen nach D\u00fcsseldorf bestanden haben. Dort hat ein neues Stellwerk Abhilfe geschaffen. Er stellte die Frage, wann auch beim Niers-Express damit zu rechnen w\u00e4re.<br \/>\nDiese Probleme sind nach Aussage von Hendrik W\u00fcst in Verkehrsministerium bekannt. Es liegen seitens der Stadt Krefeld und des Verkehrsverbundes Rhein-Ruhr Anmeldungen zum Ausbau der Strecke vor. Neben einer Modernisierung auch um eine Elektrifizierung der Strecke des RE10, auf der zurzeit nur Dieselloks fahren. Damit sei momentan nicht m\u00f6glich, zur Kapazit\u00e4tssteigerung Doppelstockwagen einzusetzen.<br \/>\nDie aufkeimende Hoffnung der anwesenden musste Hendrik W\u00fcst allerdings wegen der damit verbundenen Kosten direkt d\u00e4mpfen. Aufgrund des Umfangs der Ma\u00dfnahmen w\u00fcrde es sich um ein Volumen von um die 80 Millionen Euro handeln, womit das Vorhaben erst in den neuen \u00d6PNV-Bedarfsplan eingearbeitet werden muss. \u201eUnd dann sind wir drei Jahre weiter\u201c erl\u00e4uterte Hendrik W\u00fcst.<br \/>\nB\u00fcrgermeister Volker R\u00fcbo \u00e4u\u00dferte daraufhin, dass schon verschiedene kleinere Ma\u00dfnahmen auf der Strecke Abhilfe schaffen k\u00f6nnten, welches deutlich fr\u00fcher geschehen m\u00fcsse, als nach Abschluss des \u00d6PNV-Bedarfsplans. Die Probleme auf dieser Strecke gehen den Menschen auf die Nerven \u00e4u\u00dferte Volker R\u00fcbo, unter dem Beifall der Anwesenden. Dies f\u00fchre dazu, dass die Pendler lieber im Stau stehen, statt mit der Bahn zu fahren. Diese Kritik wurde von Hendrik W\u00fcst aufgenommen und erstellte in Aussicht, dass kleinere Ma\u00dfnahmen eventuell eher vorgenommen werden k\u00f6nnen. Hierzu sicherte er zu, mit den Verantwortlichen in der Region im Kontakt zu bleiben.<br \/>\nZu den Problemen auf der staugeplagten A57 verwies Hendrik W\u00fcst darauf, dass dieser bereits im Bundesverkehrswegplan steht und bis Ende dieses Jahres priorisiert werden soll. Er gehe davon aus, dass bis Ende der laufenden Legislaturperiode im Jahr 2022 etwas geschehen werde. Mit einem Neubau der maroden Rheinquerung der A40 sei allerdings nach heutigem Stand erst ab 2023 zu rechnen.<br \/>\nLaut Hendrik W\u00fcst liegt dies jedoch nicht an den zur Verf\u00fcgung stehenden Mittel. Das Geld hierf\u00fcr ist vorhanden und der Bund stehe mit ausreichenden Mittel f\u00fcr die Ausbauma\u00dfnahmen bereit. Allerdings sei in den vergangenen Jahren weder auf den Stra\u00dfen noch auf den Schienen ausreichend investiert worden sein. Dies m\u00fcsse nunmehr aufgearbeitet werden und ben\u00f6tige Zeit. Ferner m\u00fcssen hierf\u00fcr auch die personellen Kapazit\u00e4ten aufgestockt werden. Die entsprechenden Haushaltsmittel hierf\u00fcr sind im Haushaltplan beantragt.<br \/>\nAbschlie\u00dfend verwies Hendrik W\u00fcst darauf, dass man ohne Frage vor einem Berg von Problemen stehe. Er sei aber Zuversichtlich, dass jetzt die Chance bestehe, viel zu verbessern, insbesondere deswegen, das ausreichen finanzielle Mittel vorhanden seien.<br \/>\nZum Abschluss der Versammlung bedankte sich die Kempener CDU-Vorsitzende, Rita Ulschmid, bei Hendrik W\u00fcst f\u00fcr sein Kommen und dass er sich dem schwierigen Thema gestellt habe.<\/p>\n<p><img loading=\"lazy\" decoding=\"async\" class=\"alignleft size-medium wp-image-6424\" src=\"http:\/\/cdu-kempen.de\/wp-content\/uploads\/2017\/10\/2017-cdu-kempen1-300x188.jpg\" alt=\"\" width=\"300\" height=\"188\" \/><\/p>\n<p><img loading=\"lazy\" decoding=\"async\" class=\"alignleft size-medium wp-image-6425\" src=\"http:\/\/cdu-kempen.de\/wp-content\/uploads\/2017\/10\/2017-cdu-kempen2-300x188.jpg\" alt=\"\" width=\"300\" height=\"188\" \/><\/p>\n<p><img loading=\"lazy\" decoding=\"async\" class=\"alignleft size-medium wp-image-6426\" src=\"http:\/\/cdu-kempen.de\/wp-content\/uploads\/2017\/10\/2017-cdu-kempen3-300x188.jpg\" alt=\"\" width=\"300\" height=\"188\" \/><\/p>\n<p><img loading=\"lazy\" decoding=\"async\" class=\"alignleft size-medium wp-image-6427\" src=\"http:\/\/cdu-kempen.de\/wp-content\/uploads\/2017\/10\/2017-cdu-kempen4-300x188.jpg\" alt=\"\" width=\"300\" height=\"188\" \/><\/p>\n<p><img loading=\"lazy\" decoding=\"async\" class=\"alignleft size-medium wp-image-6428\" src=\"http:\/\/cdu-kempen.de\/wp-content\/uploads\/2017\/10\/2017-cdu-kempen5-300x188.jpg\" alt=\"\" width=\"300\" height=\"188\" \/><\/p>\n<p><img loading=\"lazy\" decoding=\"async\" class=\"alignleft size-medium wp-image-6429\" src=\"http:\/\/cdu-kempen.de\/wp-content\/uploads\/2017\/10\/2017-cdu-kempen6-300x188.jpg\" alt=\"\" width=\"300\" height=\"188\" \/><\/p>\n","protected":false},"excerpt":{"rendered":"<p>Auf Einladung der Kempener CDU stellte sich der neue NRW-Verkehrsminister Hendrik W\u00fcst auf der offenen Mitgliederversammlung den Fragen der Parteimitglieder sowie den G\u00e4sten aus Kempen und dem Kreis Viersen.<\/p>\n","protected":false},"author":1,"featured_media":6423,"comment_status":"closed","ping_status":"closed","sticky":false,"template":"","format":"standard","meta":{"_et_pb_use_builder":"","_et_pb_old_content":"","_et_gb_content_width":"","footnotes":""},"categories":[5],"tags":[],"class_list":["post-6421","post","type-post","status-publish","format-standard","has-post-thumbnail","hentry","category-aktuelles"],"_links":{"self":[{"href":"https:\/\/cdu-kempen.de\/index.php\/wp-json\/wp\/v2\/posts\/6421"}],"collection":[{"href":"https:\/\/cdu-kempen.de\/index.php\/wp-json\/wp\/v2\/posts"}],"about":[{"href":"https:\/\/cdu-kempen.de\/index.php\/wp-json\/wp\/v2\/types\/post"}],"author":[{"embeddable":true,"href":"https:\/\/cdu-kempen.de\/index.php\/wp-json\/wp\/v2\/users\/1"}],"replies":[{"embeddable":true,"href":"https:\/\/cdu-kempen.de\/index.php\/wp-json\/wp\/v2\/comments?post=6421"}],"version-history":[{"count":1,"href":"https:\/\/cdu-kempen.de\/index.php\/wp-json\/wp\/v2\/posts\/6421\/revisions"}],"predecessor-version":[{"id":6453,"href":"https:\/\/cdu-kempen.de\/index.php\/wp-json\/wp\/v2\/posts\/6421\/revisions\/6453"}],"wp:featuredmedia":[{"embeddable":true,"href":"https:\/\/cdu-kempen.de\/index.php\/wp-json\/wp\/v2\/media\/6423"}],"wp:attachment":[{"href":"https:\/\/cdu-kempen.de\/index.php\/wp-json\/wp\/v2\/media?parent=6421"}],"wp:term":[{"taxonomy":"category","embeddable":true,"href":"https:\/\/cdu-kempen.de\/index.php\/wp-json\/wp\/v2\/categories?post=6421"},{"taxonomy":"post_tag","embeddable":true,"href":"https:\/\/cdu-kempen.de\/index.php\/wp-json\/wp\/v2\/tags?post=6421"}],"curies":[{"name":"wp","href":"https:\/\/api.w.org\/{rel}","templated":true}]}}