{"id":7125,"date":"2017-12-20T12:13:19","date_gmt":"2017-12-20T12:13:19","guid":{"rendered":"https:\/\/cdu-kempen.de\/?p=7125"},"modified":"2017-12-20T12:13:19","modified_gmt":"2017-12-20T12:13:19","slug":"mehr-stellen-fuer-kita-betreuung","status":"publish","type":"post","link":"https:\/\/cdu-kempen.de\/index.php\/mehr-stellen-fuer-kita-betreuung\/","title":{"rendered":"Mehr Stellen f\u00fcr Kita-Betreuung"},"content":{"rendered":"<p>Der Rat der Stadt Kempen hat in der Sitzung am 19.12.2017 auf Antrag der CDU-Fraktion die Verdopplung der Stellen f\u00fcr Erzieher und Erzieherinnen im Anerkennungsjahr von 5 Stellen auf 10 Stellen beschlossen. Ebenso folgte der Rat einstimmig dem Vorschlag der CDU-Fraktion, 2 Stellen f\u00fcr Praktikanten im Rahmen eines neuen dualen Studiengangs f\u00fcr Sozialarbeit zu schaffen.<\/p>\n<p>Die CDU legt Wert darauf, dass angesichts des Personalmangels bei Erzieherinnen und Erziehern nicht nur langfristige Arbeitsvertr\u00e4ge geschlossen werden, sondern dass junge Erzieherinnen und Erziehern auch sehr fr\u00fchzeitig gebunden werden. Durch die Bereitstellung von weiteren Stellen f\u00fcr das Anerkennungsjahr l\u00e4sst sich die fr\u00fchzeitige Bindung von Fachkr\u00e4ften erreichen.<\/p>\n","protected":false},"excerpt":{"rendered":"<p>Der Rat der Stadt Kempen hat in der Sitzung am 19.12.2017 auf Antrag der CDU-Fraktion die Verdopplung der Stellen f\u00fcr Erzieher und Erzieherinnen im Anerkennungsjahr von 5 Stellen auf 10 Stellen beschlossen. Ebenso folgte der Rat einstimmig dem Vorschlag der CDU-Fraktion, 2 Stellen f\u00fcr Praktikanten im Rahmen eines neuen dualen Studiengangs f\u00fcr Sozialarbeit zu schaffen. [&hellip;]<\/p>\n","protected":false},"author":6,"featured_media":7126,"comment_status":"closed","ping_status":"open","sticky":false,"template":"","format":"standard","meta":{"_et_pb_use_builder":"","_et_pb_old_content":"","_et_gb_content_width":"","footnotes":""},"categories":[1],"tags":[],"class_list":["post-7125","post","type-post","status-publish","format-standard","has-post-thumbnail","hentry","category-uncategorized"],"_links":{"self":[{"href":"https:\/\/cdu-kempen.de\/index.php\/wp-json\/wp\/v2\/posts\/7125"}],"collection":[{"href":"https:\/\/cdu-kempen.de\/index.php\/wp-json\/wp\/v2\/posts"}],"about":[{"href":"https:\/\/cdu-kempen.de\/index.php\/wp-json\/wp\/v2\/types\/post"}],"author":[{"embeddable":true,"href":"https:\/\/cdu-kempen.de\/index.php\/wp-json\/wp\/v2\/users\/6"}],"replies":[{"embeddable":true,"href":"https:\/\/cdu-kempen.de\/index.php\/wp-json\/wp\/v2\/comments?post=7125"}],"version-history":[{"count":1,"href":"https:\/\/cdu-kempen.de\/index.php\/wp-json\/wp\/v2\/posts\/7125\/revisions"}],"predecessor-version":[{"id":7127,"href":"https:\/\/cdu-kempen.de\/index.php\/wp-json\/wp\/v2\/posts\/7125\/revisions\/7127"}],"wp:featuredmedia":[{"embeddable":true,"href":"https:\/\/cdu-kempen.de\/index.php\/wp-json\/wp\/v2\/media\/7126"}],"wp:attachment":[{"href":"https:\/\/cdu-kempen.de\/index.php\/wp-json\/wp\/v2\/media?parent=7125"}],"wp:term":[{"taxonomy":"category","embeddable":true,"href":"https:\/\/cdu-kempen.de\/index.php\/wp-json\/wp\/v2\/categories?post=7125"},{"taxonomy":"post_tag","embeddable":true,"href":"https:\/\/cdu-kempen.de\/index.php\/wp-json\/wp\/v2\/tags?post=7125"}],"curies":[{"name":"wp","href":"https:\/\/api.w.org\/{rel}","templated":true}]}}