{"id":7128,"date":"2017-12-20T14:20:33","date_gmt":"2017-12-20T14:20:33","guid":{"rendered":"https:\/\/cdu-kempen.de\/?p=7128"},"modified":"2017-12-20T19:24:08","modified_gmt":"2017-12-20T19:24:08","slug":"cdu-prueft-uebernahme-der-burg","status":"publish","type":"post","link":"https:\/\/cdu-kempen.de\/index.php\/cdu-prueft-uebernahme-der-burg\/","title":{"rendered":"CDU pr\u00fcft \u00dcbernahme der Burg"},"content":{"rendered":"<p>Die CDU-Fraktion wird in den n\u00e4chsten Wochen sehr intensiv beraten, ob eine \u00dcbernahme der Burg in Kenntnis des nun vorliegenden Fachgutachtens weiterverfolgt werden soll.<br \/>\nDie CDU-Fraktion ist sich bewusst, dass nur eine \u00dcbernahme der Burg in st\u00e4dtisches Eigentum die Chance bietet, unmittelbar auch \u00fcber eine k\u00fcnftige tats\u00e4chliche Nutzung der Burg entscheiden zu k\u00f6nnen. Ein Verkauf der Burg durch den Kreis Viersen an einen privaten Investor schr\u00e4nkt die kommunalen Einflussm\u00f6glichkeiten deutlich ein. Die CDU-Fraktion hat schon vor geraumer Zeit den Gedanken unterst\u00fctzt, die Burg als \u201eB\u00fcrgerburg\u201c mit einem gastronomischen Betrieb, dem Standesamt und Versammlungsr\u00e4umen f\u00fcr VHS und Verb\u00e4nde f\u00fcr die \u00d6ffentlichkeit zu \u00f6ffnen.<br \/>\nEs war uns aber immer klar, dass dies zun\u00e4chst Wunschdenken ist und eine Entscheidung letztlich und seri\u00f6s erst nach Vorliegen einer aussagekr\u00e4ftigen Kostensch\u00e4tzung erfolgen kann.<br \/>\nDas gutachterlich festgestellte Kostenvolumen von 7-11 Mio. EUR deckt nach unserer Kenntnis zwar die Kosten f\u00fcr heute erkennbare notwenige Sanierungsma\u00dfnahmen, wie Brandschutz, Bau eines Aufzugs, Erneuerung der Installation, weist aber gleichzeitig darauf hin, dass sich der Kostenrahmen auch deutlich ver\u00e4ndern kann, wenn weitere M\u00e4ngel in nicht untersuchte Bereiche festgestellt werden, z.B. Statik oder Schadstoffe.<br \/>\nDie CDU-Fraktion wird daher in einem intensiven Meinungsbildungsprozess in den kommenden Wochen sehr sorgf\u00e4ltig die Chancen, die eine \u00dcbernahme der Burg bietet, gegen Risiken abw\u00e4gen und in der Sondersitzung des Rates am 06.02.2018 eine Entscheidung treffen.<\/p>\n<p>Vor dem Hintergrund, dass in den kommenden Jahren mehrere Gro\u00dfprojekte mit einem Kostenrahmen im hohen zweistelligen Mio.-Bereich (Sanierung unserer Schulen, bedarfsgerechter Ausbau der Kitapl\u00e4tze, Sanierung des Rathauses etc.) zwingend umgesetzt und finanziert werden m\u00fcssen, bleibt zu pr\u00fcfen und zu entscheiden, ob die \u00dcbernahme der Burg aus finanzieller und wirtschaftlicher Sicht verkraftbar und aufgrund einer zu erwartenden Verschuldung nachfolgenden Generationen gegen\u00fcber vertretbar ist.<\/p>\n<p>Zur Unterst\u00fctzung unserer Meinungsbildung w\u00fcnschen wir eine intensive B\u00fcrgerbeteiligung und bitten die B\u00fcrgerinnen und B\u00fcrger um ihre Meinung per Mail an <em><strong><a href=\"#\" data-email-protect-click=\"dwtiBefw\/mgorgp0fg\"><span data-email-protect=\"dwtiBefw\/mgorgp0fg0\"><\/span><\/a><\/strong><\/em><\/p>\n<p>&nbsp;<\/p>\n","protected":false},"excerpt":{"rendered":"<p>Die CDU-Fraktion wird in den n\u00e4chsten Wochen sehr intensiv beraten, ob eine \u00dcbernahme der Burg in Kenntnis des nun vorliegenden Fachgutachtens weiterverfolgt werden soll. Die CDU-Fraktion ist sich bewusst, dass nur eine \u00dcbernahme der Burg in st\u00e4dtisches Eigentum die Chance bietet, unmittelbar auch \u00fcber eine k\u00fcnftige tats\u00e4chliche Nutzung der Burg entscheiden zu k\u00f6nnen. Ein Verkauf [&hellip;]<\/p>\n","protected":false},"author":6,"featured_media":7129,"comment_status":"closed","ping_status":"open","sticky":false,"template":"","format":"standard","meta":{"_et_pb_use_builder":"","_et_pb_old_content":"","_et_gb_content_width":"","footnotes":""},"categories":[1],"tags":[],"class_list":["post-7128","post","type-post","status-publish","format-standard","has-post-thumbnail","hentry","category-uncategorized"],"_links":{"self":[{"href":"https:\/\/cdu-kempen.de\/index.php\/wp-json\/wp\/v2\/posts\/7128"}],"collection":[{"href":"https:\/\/cdu-kempen.de\/index.php\/wp-json\/wp\/v2\/posts"}],"about":[{"href":"https:\/\/cdu-kempen.de\/index.php\/wp-json\/wp\/v2\/types\/post"}],"author":[{"embeddable":true,"href":"https:\/\/cdu-kempen.de\/index.php\/wp-json\/wp\/v2\/users\/6"}],"replies":[{"embeddable":true,"href":"https:\/\/cdu-kempen.de\/index.php\/wp-json\/wp\/v2\/comments?post=7128"}],"version-history":[{"count":6,"href":"https:\/\/cdu-kempen.de\/index.php\/wp-json\/wp\/v2\/posts\/7128\/revisions"}],"predecessor-version":[{"id":7139,"href":"https:\/\/cdu-kempen.de\/index.php\/wp-json\/wp\/v2\/posts\/7128\/revisions\/7139"}],"wp:featuredmedia":[{"embeddable":true,"href":"https:\/\/cdu-kempen.de\/index.php\/wp-json\/wp\/v2\/media\/7129"}],"wp:attachment":[{"href":"https:\/\/cdu-kempen.de\/index.php\/wp-json\/wp\/v2\/media?parent=7128"}],"wp:term":[{"taxonomy":"category","embeddable":true,"href":"https:\/\/cdu-kempen.de\/index.php\/wp-json\/wp\/v2\/categories?post=7128"},{"taxonomy":"post_tag","embeddable":true,"href":"https:\/\/cdu-kempen.de\/index.php\/wp-json\/wp\/v2\/tags?post=7128"}],"curies":[{"name":"wp","href":"https:\/\/api.w.org\/{rel}","templated":true}]}}