{"id":7292,"date":"2018-02-04T21:23:12","date_gmt":"2018-02-04T21:23:12","guid":{"rendered":"https:\/\/cdu-kempen.de\/?p=7292"},"modified":"2018-02-05T20:43:19","modified_gmt":"2018-02-05T20:43:19","slug":"cdu-stadtverband-kempen-ueberreicht-spende-an-die-kinderfeuerwehr-kempen","status":"publish","type":"post","link":"https:\/\/cdu-kempen.de\/index.php\/cdu-stadtverband-kempen-ueberreicht-spende-an-die-kinderfeuerwehr-kempen\/","title":{"rendered":"CDU-Stadtverband Kempen \u00fcberreicht Spende an die Kinderfeuerwehr Kempen"},"content":{"rendered":"<div class=\"cell left\">\n<div class=\"main-text \">\n<div class=\"main-text \">\n<p>Schon seit Jahren sammelt die CDU beim traditionellen Neujahrsempfang Spenden f\u00fcr einen guten Zweck. In diesem Jahr ging das Geld an die die Kinderfeuerwehr Kempen. Die Vorsitzende des CDU-Stadtverbandes, Rita Ulschmid, konnte die Spende in H\u00f6he von 1.312,00 Euro nunmehr an den Leiter der Kinderfeuerwehr, Simon Hoogen, und denKempener Wehrchef, Franz-Heiner Jansen. &#8222;Die Kinderfeuerwehr erf\u00fcllt eine wichtige Aufgabe. Hier werden die J\u00fcngsten an die Feuerwehr herangef\u00fchrt und damit bereits Nachwuchs akquiriert&#8220;, sagte Kempens CDU-Vorsitzende Rita Ulschmid bei der \u00dcbergabe der Spende.<\/p>\n<p>Die Kinderfeuerwehr m\u00f6chte dieses gespendete Geld\u00a0 in ihre Ausfl\u00fcge investieren. So soll es in diesem Jahre unter anderem zum L\u00f6schboot nach D\u00fcsseldorf und zur Hunderettungsstaffel des DRK Kreisesverband Viersen nach Nettetal gehen. &#8222;Au\u00dferdem k\u00f6nnen wir dank der Spende auch mal Eis essen gehen und unsere Ausfl\u00fcge generell versch\u00f6nern&#8220;, sagt Simon Hoogen. Die Arbeit mit den diversen Materialien und die Ausr\u00fcstung der Kinder \u00fcberhaupt sind nur dank Spenden m\u00f6glich. Daher danken Franz-Heiner Jansen und Simon Hoogen sowie das ganze Feuerwehrteam allen, die die Kinderfeuerwehr unterst\u00fctzen.<\/p>\n<\/div>\n<\/div>\n<div class=\"main-text \">\n<p><img loading=\"lazy\" decoding=\"async\" class=\"wp-image-7296 alignleft\" src=\"https:\/\/cdu-kempen.de\/wp-content\/uploads\/2018\/02\/20180131_175647-390x245.jpg\" alt=\"\" width=\"300\" height=\"225\" srcset=\"https:\/\/cdu-kempen.de\/wp-content\/uploads\/2018\/02\/20180131_175647-327x245.jpg 327w, https:\/\/cdu-kempen.de\/wp-content\/uploads\/2018\/02\/20180131_175647-768x576.jpg 768w, https:\/\/cdu-kempen.de\/wp-content\/uploads\/2018\/02\/20180131_175647-960x720.jpg 960w\" sizes=\"(max-width: 300px) 100vw, 300px\" \/><img loading=\"lazy\" decoding=\"async\" class=\"alignleft wp-image-7298\" src=\"https:\/\/cdu-kempen.de\/wp-content\/uploads\/2018\/02\/20180131_175822-e1517779168511-390x245.jpg\" alt=\"\" width=\"300\" height=\"400\" srcset=\"https:\/\/cdu-kempen.de\/wp-content\/uploads\/2018\/02\/20180131_175822-e1517779168511-184x245.jpg 184w, https:\/\/cdu-kempen.de\/wp-content\/uploads\/2018\/02\/20180131_175822-e1517779168511-768x1024.jpg 768w, https:\/\/cdu-kempen.de\/wp-content\/uploads\/2018\/02\/20180131_175822-e1517779168511-540x720.jpg 540w\" sizes=\"(max-width: 300px) 100vw, 300px\" \/><\/p>\n<\/div>\n<\/div>\n<div class=\"cell left\">\n<div class=\"main-text \">\n<p><img loading=\"lazy\" decoding=\"async\" class=\"wp-image-7294 alignleft\" src=\"https:\/\/cdu-kempen.de\/wp-content\/uploads\/2018\/02\/20180131_175531-390x245.jpg\" alt=\"\" width=\"300\" height=\"225\" srcset=\"https:\/\/cdu-kempen.de\/wp-content\/uploads\/2018\/02\/20180131_175531-327x245.jpg 327w, https:\/\/cdu-kempen.de\/wp-content\/uploads\/2018\/02\/20180131_175531-768x576.jpg 768w, https:\/\/cdu-kempen.de\/wp-content\/uploads\/2018\/02\/20180131_175531-960x720.jpg 960w\" sizes=\"(max-width: 300px) 100vw, 300px\" \/><\/p>\n<p>&nbsp;<\/p>\n<\/div>\n<\/div>\n","protected":false},"excerpt":{"rendered":"<p>Schon seit Jahren sammelt die CDU beim traditionellen Neujahrsempfang Spenden f\u00fcr einen guten Zweck. In diesem Jahr ging das Geld an die die Kinderfeuerwehr Kempen. Die Vorsitzende des CDU-Stadtverbandes, Rita Ulschmid, konnte die Spende in H\u00f6he von 1.312,00 Euro nunmehr an den Leiter der Kinderfeuerwehr, Simon Hoogen, und denKempener Wehrchef, Franz-Heiner Jansen. &#8222;Die Kinderfeuerwehr erf\u00fcllt [&hellip;]<\/p>\n","protected":false},"author":5,"featured_media":7295,"comment_status":"closed","ping_status":"open","sticky":false,"template":"","format":"standard","meta":{"_et_pb_use_builder":"","_et_pb_old_content":"","_et_gb_content_width":"","footnotes":""},"categories":[1],"tags":[],"class_list":["post-7292","post","type-post","status-publish","format-standard","has-post-thumbnail","hentry","category-uncategorized"],"_links":{"self":[{"href":"https:\/\/cdu-kempen.de\/index.php\/wp-json\/wp\/v2\/posts\/7292"}],"collection":[{"href":"https:\/\/cdu-kempen.de\/index.php\/wp-json\/wp\/v2\/posts"}],"about":[{"href":"https:\/\/cdu-kempen.de\/index.php\/wp-json\/wp\/v2\/types\/post"}],"author":[{"embeddable":true,"href":"https:\/\/cdu-kempen.de\/index.php\/wp-json\/wp\/v2\/users\/5"}],"replies":[{"embeddable":true,"href":"https:\/\/cdu-kempen.de\/index.php\/wp-json\/wp\/v2\/comments?post=7292"}],"version-history":[{"count":9,"href":"https:\/\/cdu-kempen.de\/index.php\/wp-json\/wp\/v2\/posts\/7292\/revisions"}],"predecessor-version":[{"id":7306,"href":"https:\/\/cdu-kempen.de\/index.php\/wp-json\/wp\/v2\/posts\/7292\/revisions\/7306"}],"wp:featuredmedia":[{"embeddable":true,"href":"https:\/\/cdu-kempen.de\/index.php\/wp-json\/wp\/v2\/media\/7295"}],"wp:attachment":[{"href":"https:\/\/cdu-kempen.de\/index.php\/wp-json\/wp\/v2\/media?parent=7292"}],"wp:term":[{"taxonomy":"category","embeddable":true,"href":"https:\/\/cdu-kempen.de\/index.php\/wp-json\/wp\/v2\/categories?post=7292"},{"taxonomy":"post_tag","embeddable":true,"href":"https:\/\/cdu-kempen.de\/index.php\/wp-json\/wp\/v2\/tags?post=7292"}],"curies":[{"name":"wp","href":"https:\/\/api.w.org\/{rel}","templated":true}]}}