{"id":7310,"date":"2018-02-07T18:07:35","date_gmt":"2018-02-07T18:07:35","guid":{"rendered":"https:\/\/cdu-kempen.de\/?p=7310"},"modified":"2018-02-08T12:38:18","modified_gmt":"2018-02-08T12:38:18","slug":"entscheidung-ueber-die-zukunft-der-kempener-burg","status":"publish","type":"post","link":"https:\/\/cdu-kempen.de\/index.php\/entscheidung-ueber-die-zukunft-der-kempener-burg\/","title":{"rendered":"Entscheidung \u00fcber die Zukunft der Kempener Burg"},"content":{"rendered":"<p>Der Rat der Stadt Kempen hat in der Sondersitzung am 06.02.2018 mehrheitlich entschieden, Verhandlungen mit dem Kreis Viersen zur \u00dcbernahme der Burg aufzunehmen und die wesentlichen Eckpunkte eines Kaufvertrages zu vereinbaren.<\/p>\n<p>Dieser Beschluss wurde auch von Teilen der CDU-Fraktion unterst\u00fctzt.<\/p>\n<p>Die CDU Kempen hat in den vergangenen Wochen sehr intensiv unter enger Einbeziehung der B\u00fcrgerschaft die Zukunft der Burg beraten und in vielen Gremien diskutiert.<\/p>\n<p>Wir sind uns unserer Verantwortung f\u00fcr die Weiterentwicklung unserer Stadt mit vielseitigen Aufgaben, aber auch unserer Verantwortung f\u00fcr unsere Denkm\u00e4ler bewusst.<\/p>\n<p>Die Sanierung unserer Schulen und \u00f6ffentlichen Geb\u00e4ude, Ausbau und Erweiterung der Kinderg\u00e4rten, Digitalisierung und Schaffung von Wohnraum haben h\u00f6chste Priorit\u00e4t und werden neben Arbeitskraft hohe zweistellige Millionenbetr\u00e4ge verschlingen.<\/p>\n<p>Die CDU Kempen h\u00e4lt es nicht f\u00fcr realistisch, neben diesen gro\u00dfen Herausforderungen der kommenden Jahre auch noch alleinige Verantwortung f\u00fcr die Burg zu \u00fcbernehmen und eine Nutzung der Burg zu entwickeln, geschweige denn, diese zu finanzieren.<\/p>\n<p>Andererseits sehen wir aber die Notwendigkeit, die Burg in \u00f6ffentlicher Tr\u00e4gerschaft zu behalten. Da sich der Kreis Viersen als Eigent\u00fcmer von der Burg trennen will und auch eine gemeinsame Tr\u00e4gerschaft mit der Stadt Kempen ablehnt, beibt nur die \u00dcbernahme der Burg in st\u00e4dtisches Eigentum, um unmittelbar die k\u00fcnftige Nutzung der Burg bestimmen und gestalten zu k\u00f6nnen. Eine Privatisierung birgt ungeahnte Risiken.<\/p>\n<p>Im Bewusstsein der Verantwortung f\u00fcr die Finanzen und die notwendigen gro\u00dfen Projekte unserer Stadt einerseits und die Zukunft und Nutzung der Kempener Burg andererseits, hat die CDU Fraktion in der Ratssitzung unterschiedlich abgestimmt und mit 8 (von 20) Stimmen aus eigenen Reihen den Weg f\u00fcr Verhandlungen zur \u00dcbernahme der Burg freigemacht.<\/p>\n<p>Die CDU Kempen wird den weiteren Weg zur \u00dcbernahme und k\u00fcnftigen Nutzung der Burg intensiv mit eigenen Vorstellungen und Beteiligung der B\u00fcrgerschaft begleiten.<\/p>\n","protected":false},"excerpt":{"rendered":"<p>Der Rat der Stadt Kempen hat in der Sondersitzung am 06.02.2018 mehrheitlich entschieden, Verhandlungen mit dem Kreis Viersen zur \u00dcbernahme der Burg aufzunehmen und die wesentlichen Eckpunkte eines Kaufvertrages zu vereinbaren. Dieser Beschluss wurde auch von Teilen der CDU-Fraktion unterst\u00fctzt. Die CDU Kempen hat in den vergangenen Wochen sehr intensiv unter enger Einbeziehung der B\u00fcrgerschaft [&hellip;]<\/p>\n","protected":false},"author":6,"featured_media":7246,"comment_status":"closed","ping_status":"open","sticky":false,"template":"","format":"standard","meta":{"_et_pb_use_builder":"","_et_pb_old_content":"","_et_gb_content_width":"","footnotes":""},"categories":[1],"tags":[],"class_list":["post-7310","post","type-post","status-publish","format-standard","has-post-thumbnail","hentry","category-uncategorized"],"_links":{"self":[{"href":"https:\/\/cdu-kempen.de\/index.php\/wp-json\/wp\/v2\/posts\/7310"}],"collection":[{"href":"https:\/\/cdu-kempen.de\/index.php\/wp-json\/wp\/v2\/posts"}],"about":[{"href":"https:\/\/cdu-kempen.de\/index.php\/wp-json\/wp\/v2\/types\/post"}],"author":[{"embeddable":true,"href":"https:\/\/cdu-kempen.de\/index.php\/wp-json\/wp\/v2\/users\/6"}],"replies":[{"embeddable":true,"href":"https:\/\/cdu-kempen.de\/index.php\/wp-json\/wp\/v2\/comments?post=7310"}],"version-history":[{"count":5,"href":"https:\/\/cdu-kempen.de\/index.php\/wp-json\/wp\/v2\/posts\/7310\/revisions"}],"predecessor-version":[{"id":7315,"href":"https:\/\/cdu-kempen.de\/index.php\/wp-json\/wp\/v2\/posts\/7310\/revisions\/7315"}],"wp:featuredmedia":[{"embeddable":true,"href":"https:\/\/cdu-kempen.de\/index.php\/wp-json\/wp\/v2\/media\/7246"}],"wp:attachment":[{"href":"https:\/\/cdu-kempen.de\/index.php\/wp-json\/wp\/v2\/media?parent=7310"}],"wp:term":[{"taxonomy":"category","embeddable":true,"href":"https:\/\/cdu-kempen.de\/index.php\/wp-json\/wp\/v2\/categories?post=7310"},{"taxonomy":"post_tag","embeddable":true,"href":"https:\/\/cdu-kempen.de\/index.php\/wp-json\/wp\/v2\/tags?post=7310"}],"curies":[{"name":"wp","href":"https:\/\/api.w.org\/{rel}","templated":true}]}}