{"id":7349,"date":"2018-03-12T20:07:39","date_gmt":"2018-03-12T20:07:39","guid":{"rendered":"https:\/\/cdu-kempen.de\/?p=7349"},"modified":"2018-03-12T20:10:49","modified_gmt":"2018-03-12T20:10:49","slug":"horst-latzel-erneut-zum-vorsitzenden-gewaehlt","status":"publish","type":"post","link":"https:\/\/cdu-kempen.de\/index.php\/horst-latzel-erneut-zum-vorsitzenden-gewaehlt\/","title":{"rendered":"Horst Latzel erneut zum Vorsitzenden gew\u00e4hlt"},"content":{"rendered":"<div align=\"justify\">\n<div align=\"justify\">Horst Latzel ist der alte und neue Vorsitzende der CDU im Hagelkreuz. Latzel wurde auf der diesj\u00e4hrigen Mitgliederversammlung einstimmig wiedergew\u00e4hlt. Nicht mehr im Vorstand vertreten ist Bernd Lohberg, der bisherige Stellvertreter von Latzel, der nach 32 Jahren Vorstandsarbeit Platz f\u00fcr J\u00fcngere machte. Zu seinem Nachfolger wurde der Rechtsanwalt Volker Steves gew\u00e4hlt. Helmut Klinkhammer als Schriftf\u00fchrer und Horst Ratke sowie Willi Stenhorst als Beisitzer komplettieren den Vorstand.<\/div>\n<div align=\"justify\"><\/div>\n<div align=\"justify\">Bei den Berichten gab Bernd Lohberg einen \u00dcberblick \u00fcber die Gr\u00fcndung und Ziele des Ortausschusses im Kempener Norden. Horst Latzel blickte positiv auf die Entwicklung der letzten Jahre des Viertels und\u00a0Ingo Behr berichtete \u00fcber das Quartiersmanagement. Der stellvertretende Fraktionsvorsitzende Peter Fischer gab einen \u00dcberblick \u00fcber die aktuellen Themen im Rat der Stadt Kempen und zeichnete ein attraktives Bild \u00fcber das Hagelkreuz, auf das man stolz sein k\u00f6nne.\n<\/div>\n<\/div>\n<div align=\"justify\"><\/div>\n<div align=\"justify\">Der neue Vorstand des Ortsausschuss Kempen-Hagelkreuz:<\/div>\n<div align=\"justify\"><img loading=\"lazy\" decoding=\"async\" class=\"size-medium wp-image-7341 alignnone\" src=\"https:\/\/cdu-kempen.de\/wp-content\/uploads\/2018\/03\/IMG_20180306_201849-390x245.jpg\" alt=\"\" width=\"390\" height=\"245\" \/><\/div>\n<div align=\"justify\">von links nach rechts:<br \/>\nWilli Stenhorst, Dr. Volker Steves, Helmut Klinkhammer,<br \/>\nHorst Latzel und Horst Radtke<\/div>\n<div align=\"justify\"><\/div>\n","protected":false},"excerpt":{"rendered":"<p>Horst Latzel ist der alte und neue Vorsitzende der CDU im Hagelkreuz. Latzel wurde auf der diesj\u00e4hrigen Mitgliederversammlung einstimmig wiedergew\u00e4hlt. Nicht mehr im Vorstand vertreten ist Bernd Lohberg, der bisherige Stellvertreter von Latzel, der nach 32 Jahren Vorstandsarbeit Platz f\u00fcr J\u00fcngere machte. Zu seinem Nachfolger wurde der Rechtsanwalt Volker Steves gew\u00e4hlt. Helmut Klinkhammer als Schriftf\u00fchrer [&hellip;]<\/p>\n","protected":false},"author":5,"featured_media":7341,"comment_status":"closed","ping_status":"open","sticky":false,"template":"","format":"standard","meta":{"_et_pb_use_builder":"","_et_pb_old_content":"","_et_gb_content_width":"","footnotes":""},"categories":[1],"tags":[],"class_list":["post-7349","post","type-post","status-publish","format-standard","has-post-thumbnail","hentry","category-uncategorized"],"_links":{"self":[{"href":"https:\/\/cdu-kempen.de\/index.php\/wp-json\/wp\/v2\/posts\/7349"}],"collection":[{"href":"https:\/\/cdu-kempen.de\/index.php\/wp-json\/wp\/v2\/posts"}],"about":[{"href":"https:\/\/cdu-kempen.de\/index.php\/wp-json\/wp\/v2\/types\/post"}],"author":[{"embeddable":true,"href":"https:\/\/cdu-kempen.de\/index.php\/wp-json\/wp\/v2\/users\/5"}],"replies":[{"embeddable":true,"href":"https:\/\/cdu-kempen.de\/index.php\/wp-json\/wp\/v2\/comments?post=7349"}],"version-history":[{"count":9,"href":"https:\/\/cdu-kempen.de\/index.php\/wp-json\/wp\/v2\/posts\/7349\/revisions"}],"predecessor-version":[{"id":7358,"href":"https:\/\/cdu-kempen.de\/index.php\/wp-json\/wp\/v2\/posts\/7349\/revisions\/7358"}],"wp:featuredmedia":[{"embeddable":true,"href":"https:\/\/cdu-kempen.de\/index.php\/wp-json\/wp\/v2\/media\/7341"}],"wp:attachment":[{"href":"https:\/\/cdu-kempen.de\/index.php\/wp-json\/wp\/v2\/media?parent=7349"}],"wp:term":[{"taxonomy":"category","embeddable":true,"href":"https:\/\/cdu-kempen.de\/index.php\/wp-json\/wp\/v2\/categories?post=7349"},{"taxonomy":"post_tag","embeddable":true,"href":"https:\/\/cdu-kempen.de\/index.php\/wp-json\/wp\/v2\/tags?post=7349"}],"curies":[{"name":"wp","href":"https:\/\/api.w.org\/{rel}","templated":true}]}}