{"id":7359,"date":"2018-03-13T16:57:12","date_gmt":"2018-03-13T16:57:12","guid":{"rendered":"https:\/\/cdu-kempen.de\/?p=7359"},"modified":"2018-03-13T16:57:12","modified_gmt":"2018-03-13T16:57:12","slug":"dr-marcus-optendrenk-mdl-und-der-vorstand-der-fu-kempen-haben-das-unternehmen-vanameland-in-kempen-besucht","status":"publish","type":"post","link":"https:\/\/cdu-kempen.de\/index.php\/dr-marcus-optendrenk-mdl-und-der-vorstand-der-fu-kempen-haben-das-unternehmen-vanameland-in-kempen-besucht\/","title":{"rendered":"Dr. Marcus Optendrenk MdL und der Vorstand der FU Kempen haben das Unternehmen Vanameland in Kempen besucht"},"content":{"rendered":"<p>Der Gesch\u00e4ftsf\u00fchrer von <strong>Vanameland Kempen<\/strong>, Martin Kittner, hat Dr. Marcus Optendrenk MdL, den Vorstand der FU Kempen und Karin Drabben, stellvertretende Vorsitzende der Mittelstands- und Wirtschaftsvereinigung der CDU Kreis Viersen (MIT) \u00fcber die T\u00e4tigkeiten seines Unternehmens informiert. Die gro\u00dfz\u00fcgigen R\u00e4umlichkeiten des Unternehmens befinden sich auf dem historischen Firmengel\u00e4nde der Firma Bauerfeind hinter dem Amtsgericht in Kempen.<\/p>\n<p>Zu den T\u00e4tigkeiten von Vanameland geh\u00f6ren klassische Werbung und Design, Online-Marketing, Programmierung und Betreuung von Webseiten und \u00a0Onlineshops inclusive der Fotografie der Produkte im eigenen Fotostudio in Kempen.<\/p>\n<p>Viele Ver\u00e4nderungen und neue Herausforderungen entstehen durch die \u00c4nderung der <strong>EU-Datenschutz-Grundverordnung <\/strong>am 25. Mai 2018, sowohl f\u00fcr die Betreiber der Webseiten wie auch f\u00fcr das Unternehmen Vanameland. Die Verordnung wird derzeit auch in das Landesrecht von Nordrhein-Westfalen \u00fcbernommen, berichtete Marcus Optendrenk. Ziel ist ein besserer Schutz personenbezogener Daten in Zeiten immer schnellerer Medien und mehr Transparenz f\u00fcr die Verbraucherinnen und Verbraucher. Vanameland hat sich umfassend auf die neuen Regelungen vorbereitet und bietet seinen Kunden umfassende Beratung im Bereich Datenschutz an.<\/p>\n<p>Martin Kittner entwickelt zurzeit eine <strong>Verkaufs-Plattform<\/strong>, mit der man Produkte, die in den Gesch\u00e4ften der Innenst\u00e4dte angeboten werden, im Internet vorbestellen kann, was wieder zu einer st\u00e4rkeren Belebung der Innenst\u00e4dte f\u00fchren w\u00fcrde.<\/p>\n<p>Neben den attraktiven Gesch\u00e4ftsr\u00e4umen bietet Vanameland zus\u00e4tzlich einen gro\u00dfz\u00fcgigen Konferenz- und Veranstaltungsloft, der sogar eine komplette Theaterb\u00fchne hat. Dieser kann auch von Externen angemietet werden.<\/p>\n<p>Der Vorstand der FU und Dr. Marcus Optendrenk werden in regelm\u00e4\u00dfigen Abst\u00e4nden Besuche bei Kempener Unternehmen durchf\u00fchren, um sich \u00fcber die vorhandenen Potentiale zu informieren.<\/p>\n","protected":false},"excerpt":{"rendered":"<p>Der Gesch\u00e4ftsf\u00fchrer von Vanameland Kempen, Martin Kittner, hat Dr. Marcus Optendrenk MdL, den Vorstand der FU Kempen und Karin Drabben, stellvertretende Vorsitzende der Mittelstands- und Wirtschaftsvereinigung der CDU Kreis Viersen (MIT) \u00fcber die T\u00e4tigkeiten seines Unternehmens informiert. Die gro\u00dfz\u00fcgigen R\u00e4umlichkeiten des Unternehmens befinden sich auf dem historischen Firmengel\u00e4nde der Firma Bauerfeind hinter dem Amtsgericht in [&hellip;]<\/p>\n","protected":false},"author":6,"featured_media":7360,"comment_status":"closed","ping_status":"open","sticky":false,"template":"","format":"standard","meta":{"_et_pb_use_builder":"","_et_pb_old_content":"","_et_gb_content_width":"","footnotes":""},"categories":[1],"tags":[],"class_list":["post-7359","post","type-post","status-publish","format-standard","has-post-thumbnail","hentry","category-uncategorized"],"_links":{"self":[{"href":"https:\/\/cdu-kempen.de\/index.php\/wp-json\/wp\/v2\/posts\/7359"}],"collection":[{"href":"https:\/\/cdu-kempen.de\/index.php\/wp-json\/wp\/v2\/posts"}],"about":[{"href":"https:\/\/cdu-kempen.de\/index.php\/wp-json\/wp\/v2\/types\/post"}],"author":[{"embeddable":true,"href":"https:\/\/cdu-kempen.de\/index.php\/wp-json\/wp\/v2\/users\/6"}],"replies":[{"embeddable":true,"href":"https:\/\/cdu-kempen.de\/index.php\/wp-json\/wp\/v2\/comments?post=7359"}],"version-history":[{"count":1,"href":"https:\/\/cdu-kempen.de\/index.php\/wp-json\/wp\/v2\/posts\/7359\/revisions"}],"predecessor-version":[{"id":7364,"href":"https:\/\/cdu-kempen.de\/index.php\/wp-json\/wp\/v2\/posts\/7359\/revisions\/7364"}],"wp:featuredmedia":[{"embeddable":true,"href":"https:\/\/cdu-kempen.de\/index.php\/wp-json\/wp\/v2\/media\/7360"}],"wp:attachment":[{"href":"https:\/\/cdu-kempen.de\/index.php\/wp-json\/wp\/v2\/media?parent=7359"}],"wp:term":[{"taxonomy":"category","embeddable":true,"href":"https:\/\/cdu-kempen.de\/index.php\/wp-json\/wp\/v2\/categories?post=7359"},{"taxonomy":"post_tag","embeddable":true,"href":"https:\/\/cdu-kempen.de\/index.php\/wp-json\/wp\/v2\/tags?post=7359"}],"curies":[{"name":"wp","href":"https:\/\/api.w.org\/{rel}","templated":true}]}}