{"id":7401,"date":"2018-04-12T19:40:52","date_gmt":"2018-04-12T19:40:52","guid":{"rendered":"https:\/\/cdu-kempen.de\/?p=7401"},"modified":"2018-04-12T19:46:07","modified_gmt":"2018-04-12T19:46:07","slug":"vorsitz-des-cdu-stadtverband-kempen-wird-neu-besetzt","status":"publish","type":"post","link":"https:\/\/cdu-kempen.de\/index.php\/vorsitz-des-cdu-stadtverband-kempen-wird-neu-besetzt\/","title":{"rendered":"Vorsitz des CDU-Stadtverband Kempen wird neu besetzt"},"content":{"rendered":"<p style=\"text-align: center; line-height: 130%; margin: 0cm 0cm 8.0pt 0cm;\" align=\"center\"><b><span style=\"font-family: 'Arial','sans-serif';\">Rita Ulschmid tritt im September nicht erneut zur Wahl an<\/span><\/b><\/p>\n<p style=\"line-height: 130%; margin: 0cm 0cm 8pt; text-align: left;\" align=\"center\"><span style=\"font-family: 'Arial','sans-serif';\">\u201eBereits im Zuge der letzten Vorstandswahlen habe ich den gesch\u00e4ftsf\u00fchrenden Vorstand dar\u00fcber in Kenntnis gesetzt, dass dies meine letzte Amtszeit als Vorsitzende des CDU-Stadtverbandes Kempen sein wird\u201c, erkl\u00e4rt Rita Ulschmid. \u201eEs ist nat\u00fcrlich noch nicht die Zeit f\u00fcr ein abschlie\u00dfendes pers\u00f6nliches Res\u00fcmee da ich nach wie vor mit sehr viel Freude diesem Amt nachgehe, aber eine geordnete und transparente Nachfolgeregelung liegt mir am Herzen, damit ein nahtloser \u00dcbergang in dieser Funktion ab September sichergestellt ist.\u201c<\/span><\/p>\n<p style=\"line-height: 130%; margin: 0cm 0cm 8.0pt 0cm;\"><span style=\"font-family: 'Arial','sans-serif';\">Daher hat sich der gesamte Vorstand des CDU Stadtverbandes entschieden, schon jetzt den entsprechenden Personalvorschlag \u00f6ffentlich zu machen und freut sich sehr dar\u00fcber, dass Philipp Kraft nach erfolgten Vorgespr\u00e4chen bei der Vorstandssitzung am 11. April 2018 seine Bereitschaft erkl\u00e4rt hat, sich im September auf der Mitgliederversammlung f\u00fcr dieses Amt zur Wahl zu stellen. \u201eSomit haben unsere Parteimitglieder und Funktionstr\u00e4ger\/innen die M\u00f6glichkeit, mit gen\u00fcgend zeitlichem Vorlauf schon vorab mit mir ins Gespr\u00e4ch zu kommen. Der Austausch \u00fcber die politische Ausrichtung hier vor Ort ist mir wichtig, da wir nur als Team erfolgreich bleiben k\u00f6nnen\u201c, erkl\u00e4rt Kraft. \u201eWir rechnen mit einer breiten Unterst\u00fctzung durch unsere Basis\u201c, erg\u00e4nzt Rita Ulschmid. \u201ePhilipp Kraft, beruflich als Personalmanager t\u00e4tig, ist eine F\u00fchrungskraft, die auch mehrj\u00e4hrige Erfahrungen in ehrenamtlichen Funktionen als kommunalpolitischer Mandatstr\u00e4ger und in der Vorstandsarbeit mitbringt.\u201c<\/span><\/p>\n<p style=\"line-height: 130%; margin: 0cm 0cm 8.0pt 0cm;\"><b><span style=\"font-family: 'Arial','sans-serif';\">\u00a0\u00a0 <\/span><\/b><br \/>\n<b><\/b><\/p>\n<p style=\"text-align: center;\"><img loading=\"lazy\" decoding=\"async\" class=\"alignnone size-medium wp-image-7403\" src=\"https:\/\/cdu-kempen.de\/wp-content\/uploads\/2018\/04\/Philipp-Kraft-390x245.jpg\" alt=\"\" width=\"390\" height=\"245\" \/><br \/>\nPhilipp Kraft<\/p>\n<p style=\"line-height: 130%; margin: 0cm 0cm 8.0pt 0cm;\">\n","protected":false},"excerpt":{"rendered":"<p>Rita Ulschmid tritt im September nicht erneut zur Wahl an \u201eBereits im Zuge der letzten Vorstandswahlen habe ich den gesch\u00e4ftsf\u00fchrenden Vorstand dar\u00fcber in Kenntnis gesetzt, dass dies meine letzte Amtszeit als Vorsitzende des CDU-Stadtverbandes Kempen sein wird\u201c, erkl\u00e4rt Rita Ulschmid. \u201eEs ist nat\u00fcrlich noch nicht die Zeit f\u00fcr ein abschlie\u00dfendes pers\u00f6nliches Res\u00fcmee da ich nach [&hellip;]<\/p>\n","protected":false},"author":5,"featured_media":6436,"comment_status":"closed","ping_status":"open","sticky":false,"template":"","format":"standard","meta":{"_et_pb_use_builder":"","_et_pb_old_content":"","_et_gb_content_width":"","footnotes":""},"categories":[1],"tags":[],"class_list":["post-7401","post","type-post","status-publish","format-standard","has-post-thumbnail","hentry","category-uncategorized"],"_links":{"self":[{"href":"https:\/\/cdu-kempen.de\/index.php\/wp-json\/wp\/v2\/posts\/7401"}],"collection":[{"href":"https:\/\/cdu-kempen.de\/index.php\/wp-json\/wp\/v2\/posts"}],"about":[{"href":"https:\/\/cdu-kempen.de\/index.php\/wp-json\/wp\/v2\/types\/post"}],"author":[{"embeddable":true,"href":"https:\/\/cdu-kempen.de\/index.php\/wp-json\/wp\/v2\/users\/5"}],"replies":[{"embeddable":true,"href":"https:\/\/cdu-kempen.de\/index.php\/wp-json\/wp\/v2\/comments?post=7401"}],"version-history":[{"count":7,"href":"https:\/\/cdu-kempen.de\/index.php\/wp-json\/wp\/v2\/posts\/7401\/revisions"}],"predecessor-version":[{"id":7410,"href":"https:\/\/cdu-kempen.de\/index.php\/wp-json\/wp\/v2\/posts\/7401\/revisions\/7410"}],"wp:featuredmedia":[{"embeddable":true,"href":"https:\/\/cdu-kempen.de\/index.php\/wp-json\/wp\/v2\/media\/6436"}],"wp:attachment":[{"href":"https:\/\/cdu-kempen.de\/index.php\/wp-json\/wp\/v2\/media?parent=7401"}],"wp:term":[{"taxonomy":"category","embeddable":true,"href":"https:\/\/cdu-kempen.de\/index.php\/wp-json\/wp\/v2\/categories?post=7401"},{"taxonomy":"post_tag","embeddable":true,"href":"https:\/\/cdu-kempen.de\/index.php\/wp-json\/wp\/v2\/tags?post=7401"}],"curies":[{"name":"wp","href":"https:\/\/api.w.org\/{rel}","templated":true}]}}