{"id":7502,"date":"2018-06-09T18:36:09","date_gmt":"2018-06-09T18:36:09","guid":{"rendered":"https:\/\/cdu-kempen.de\/?p=7502"},"modified":"2018-06-09T18:36:09","modified_gmt":"2018-06-09T18:36:09","slug":"buergerversammlung-der-cdu-kempen","status":"publish","type":"post","link":"https:\/\/cdu-kempen.de\/index.php\/buergerversammlung-der-cdu-kempen\/","title":{"rendered":"B\u00fcrgerversammlung der CDU Kempen"},"content":{"rendered":"<p>Auf der B\u00fcrgerversammlung der CDU Kempen konnte die Vorsitzende des Stadtverbandes, Rita Ulschmid, den innenpolitischen Sprecher der CDU Landtagsfraktion im NRW-Landtag, Dr. Christos Katzidis, begr\u00fc\u00dfen.<\/p>\n<p>In seinem Vortrag erl\u00e4uterte Dr. Katzidis die eingeleiteten Ma\u00dfnahmen zur Verbesserung der inneren Sicherheit, u.a. die Aufstockung der Ausbildungspl\u00e4tze f\u00fcr die Polizei sowie die vorgesehenen rechtlichen \u00c4nderungen.<\/p>\n<p>Nach diesem Vortrag entwickelte sich eine rege Diskussion zu diesem Thema.<\/p>\n<p><img loading=\"lazy\" decoding=\"async\" class=\"alignnone size-medium wp-image-7496\" src=\"https:\/\/cdu-kempen.de\/wp-content\/uploads\/2018\/06\/DSC0611-390x245.jpg\" alt=\"\" width=\"390\" height=\"245\" \/><\/p>\n<p><img loading=\"lazy\" decoding=\"async\" class=\"alignnone size-medium wp-image-7498\" src=\"https:\/\/cdu-kempen.de\/wp-content\/uploads\/2018\/06\/DSC0604-390x245.jpg\" alt=\"\" width=\"390\" height=\"245\" \/><\/p>\n<p><img loading=\"lazy\" decoding=\"async\" class=\"alignnone size-medium wp-image-7500\" src=\"https:\/\/cdu-kempen.de\/wp-content\/uploads\/2018\/06\/DSC0599_Auszug-390x245.jpg\" alt=\"\" width=\"390\" height=\"245\" \/><\/p>\n<p><img loading=\"lazy\" decoding=\"async\" class=\"alignnone size-medium wp-image-7501\" src=\"https:\/\/cdu-kempen.de\/wp-content\/uploads\/2018\/06\/DSC0596_Auszug-390x245.jpg\" alt=\"\" width=\"390\" height=\"245\" \/><\/p>\n","protected":false},"excerpt":{"rendered":"<p>Auf der B\u00fcrgerversammlung der CDU Kempen konnte die Vorsitzende des Stadtverbandes, Rita Ulschmid, den innenpolitischen Sprecher der CDU Landtagsfraktion im NRW-Landtag, Dr. Christos Katzidis, begr\u00fc\u00dfen. In seinem Vortrag erl\u00e4uterte Dr. Katzidis die eingeleiteten Ma\u00dfnahmen zur Verbesserung der inneren Sicherheit, u.a. die Aufstockung der Ausbildungspl\u00e4tze f\u00fcr die Polizei sowie die vorgesehenen rechtlichen \u00c4nderungen. Nach diesem Vortrag [&hellip;]<\/p>\n","protected":false},"author":5,"featured_media":7495,"comment_status":"closed","ping_status":"open","sticky":false,"template":"","format":"standard","meta":{"_et_pb_use_builder":"","_et_pb_old_content":"","_et_gb_content_width":"","footnotes":""},"categories":[1],"tags":[],"class_list":["post-7502","post","type-post","status-publish","format-standard","has-post-thumbnail","hentry","category-uncategorized"],"_links":{"self":[{"href":"https:\/\/cdu-kempen.de\/index.php\/wp-json\/wp\/v2\/posts\/7502"}],"collection":[{"href":"https:\/\/cdu-kempen.de\/index.php\/wp-json\/wp\/v2\/posts"}],"about":[{"href":"https:\/\/cdu-kempen.de\/index.php\/wp-json\/wp\/v2\/types\/post"}],"author":[{"embeddable":true,"href":"https:\/\/cdu-kempen.de\/index.php\/wp-json\/wp\/v2\/users\/5"}],"replies":[{"embeddable":true,"href":"https:\/\/cdu-kempen.de\/index.php\/wp-json\/wp\/v2\/comments?post=7502"}],"version-history":[{"count":4,"href":"https:\/\/cdu-kempen.de\/index.php\/wp-json\/wp\/v2\/posts\/7502\/revisions"}],"predecessor-version":[{"id":7506,"href":"https:\/\/cdu-kempen.de\/index.php\/wp-json\/wp\/v2\/posts\/7502\/revisions\/7506"}],"wp:featuredmedia":[{"embeddable":true,"href":"https:\/\/cdu-kempen.de\/index.php\/wp-json\/wp\/v2\/media\/7495"}],"wp:attachment":[{"href":"https:\/\/cdu-kempen.de\/index.php\/wp-json\/wp\/v2\/media?parent=7502"}],"wp:term":[{"taxonomy":"category","embeddable":true,"href":"https:\/\/cdu-kempen.de\/index.php\/wp-json\/wp\/v2\/categories?post=7502"},{"taxonomy":"post_tag","embeddable":true,"href":"https:\/\/cdu-kempen.de\/index.php\/wp-json\/wp\/v2\/tags?post=7502"}],"curies":[{"name":"wp","href":"https:\/\/api.w.org\/{rel}","templated":true}]}}