{"id":7551,"date":"2018-07-02T20:26:22","date_gmt":"2018-07-02T20:26:22","guid":{"rendered":"https:\/\/cdu-kempen.de\/?p=7551"},"modified":"2018-07-02T20:27:57","modified_gmt":"2018-07-02T20:27:57","slug":"burgturmbesteigung-der-cdu-kempen","status":"publish","type":"post","link":"https:\/\/cdu-kempen.de\/index.php\/burgturmbesteigung-der-cdu-kempen\/","title":{"rendered":"Burgturmbesteigung der CDU Kempen"},"content":{"rendered":"<p>Bei der diesj\u00e4hrigen traditionellen Burgturmbesteigung der CDU Kempen am vergangenen Sonntag nutzen \u00fcber 150 interessierte Teilnehmer die Gelegenheit, bei strahlendem Sonnenschein einen Blick auf Kempen und Umgebung vom etwa 25 Meter hohen Burgturm zu genie\u00dfen. Erfreut, ja teilweise \u00fcberrascht, fiel dem ein oder anderen aus dieser Perspektive auf, wie Gr\u00fcn Kempen ist.<\/p>\n<p>Sachkundige aus den Reihen der CDU erl\u00e4uterten den Teilnehmern den Ausblick auf die Umgebung von Kempen und dar\u00fcber hinaus. Dank der guten Sicht war sogar der Fernsehturm der Landeshauptstadt in D\u00fcsseldorf zu erkennen.<\/p>\n<p><img loading=\"lazy\" decoding=\"async\" class=\"size-medium wp-image-7548\" src=\"https:\/\/cdu-kempen.de\/wp-content\/uploads\/2018\/07\/IMG_20180701_110019-390x245.jpg\" alt=\"\" width=\"390\" height=\"245\" \/><\/p>\n<p><img loading=\"lazy\" decoding=\"async\" class=\"size-medium wp-image-7550\" src=\"https:\/\/cdu-kempen.de\/wp-content\/uploads\/2018\/07\/IMG_20180701_110146-390x245.jpg\" alt=\"\" width=\"390\" height=\"245\" \/><\/p>\n<p><img loading=\"lazy\" decoding=\"async\" class=\"size-medium wp-image-7549\" src=\"https:\/\/cdu-kempen.de\/wp-content\/uploads\/2018\/07\/IMG_20180701_110140-390x245.jpg\" alt=\"\" width=\"390\" height=\"245\" \/><\/p>\n<p><img loading=\"lazy\" decoding=\"async\" class=\"size-medium wp-image-7547\" src=\"https:\/\/cdu-kempen.de\/wp-content\/uploads\/2018\/07\/IMG_20180701_161453-390x245.jpg\" alt=\"\" width=\"390\" height=\"245\" \/><\/p>\n","protected":false},"excerpt":{"rendered":"<p>Bei der diesj\u00e4hrigen traditionellen Burgturmbesteigung der CDU Kempen am vergangenen Sonntag nutzen \u00fcber 150 interessierte Teilnehmer die Gelegenheit, bei strahlendem Sonnenschein einen Blick auf Kempen und Umgebung vom etwa 25 Meter hohen Burgturm zu genie\u00dfen. Erfreut, ja teilweise \u00fcberrascht, fiel dem ein oder anderen aus dieser Perspektive auf, wie Gr\u00fcn Kempen ist. Sachkundige aus den [&hellip;]<\/p>\n","protected":false},"author":5,"featured_media":7545,"comment_status":"closed","ping_status":"open","sticky":false,"template":"","format":"standard","meta":{"_et_pb_use_builder":"","_et_pb_old_content":"","_et_gb_content_width":"","footnotes":""},"categories":[1],"tags":[],"class_list":["post-7551","post","type-post","status-publish","format-standard","has-post-thumbnail","hentry","category-uncategorized"],"_links":{"self":[{"href":"https:\/\/cdu-kempen.de\/index.php\/wp-json\/wp\/v2\/posts\/7551"}],"collection":[{"href":"https:\/\/cdu-kempen.de\/index.php\/wp-json\/wp\/v2\/posts"}],"about":[{"href":"https:\/\/cdu-kempen.de\/index.php\/wp-json\/wp\/v2\/types\/post"}],"author":[{"embeddable":true,"href":"https:\/\/cdu-kempen.de\/index.php\/wp-json\/wp\/v2\/users\/5"}],"replies":[{"embeddable":true,"href":"https:\/\/cdu-kempen.de\/index.php\/wp-json\/wp\/v2\/comments?post=7551"}],"version-history":[{"count":5,"href":"https:\/\/cdu-kempen.de\/index.php\/wp-json\/wp\/v2\/posts\/7551\/revisions"}],"predecessor-version":[{"id":7556,"href":"https:\/\/cdu-kempen.de\/index.php\/wp-json\/wp\/v2\/posts\/7551\/revisions\/7556"}],"wp:featuredmedia":[{"embeddable":true,"href":"https:\/\/cdu-kempen.de\/index.php\/wp-json\/wp\/v2\/media\/7545"}],"wp:attachment":[{"href":"https:\/\/cdu-kempen.de\/index.php\/wp-json\/wp\/v2\/media?parent=7551"}],"wp:term":[{"taxonomy":"category","embeddable":true,"href":"https:\/\/cdu-kempen.de\/index.php\/wp-json\/wp\/v2\/categories?post=7551"},{"taxonomy":"post_tag","embeddable":true,"href":"https:\/\/cdu-kempen.de\/index.php\/wp-json\/wp\/v2\/tags?post=7551"}],"curies":[{"name":"wp","href":"https:\/\/api.w.org\/{rel}","templated":true}]}}